{"id":10033,"date":"2026-03-13T18:00:13","date_gmt":"2026-03-13T17:00:13","guid":{"rendered":"https:\/\/www.ess-rv.de\/?p=10033"},"modified":"2026-03-12T16:33:03","modified_gmt":"2026-03-12T15:33:03","slug":"ein-meer-aus-licht-farben-und-fantasie","status":"publish","type":"post","link":"https:\/\/www.ess-rv.de\/?p=10033","title":{"rendered":"Ein Meer aus Licht, Farben und Fantasie"},"content":{"rendered":"<div id='gallery-1' class='gallery galleryid-10033 gallery-columns-3 gallery-size-thumbnail'><figure class='gallery-item'>\n\t\t\t<div class='gallery-icon portrait'>\n\t\t\t\t<a href='https:\/\/www.ess-rv.de\/wp-content\/uploads\/2026\/03\/2026-lichterfest-lichterfest-1280-003.jpg'><img loading=\"lazy\" decoding=\"async\" width=\"215\" height=\"215\" src=\"https:\/\/www.ess-rv.de\/wp-content\/uploads\/2026\/03\/2026-lichterfest-lichterfest-1280-003-215x215.jpg\" class=\"attachment-thumbnail size-thumbnail\" alt=\"Sch\u00fcler der VABO-Klassen pr\u00e4sentieren ihre Leucht-Figuren w\u00e4hrend des Lichterumzugs.\" \/><\/a>\n\t\t\t<\/div><\/figure><figure class='gallery-item'>\n\t\t\t<div class='gallery-icon portrait'>\n\t\t\t\t<a href='https:\/\/www.ess-rv.de\/wp-content\/uploads\/2026\/03\/2026-lichterfest-lichterfest-1280-002.jpg'><img loading=\"lazy\" decoding=\"async\" width=\"215\" height=\"215\" src=\"https:\/\/www.ess-rv.de\/wp-content\/uploads\/2026\/03\/2026-lichterfest-lichterfest-1280-002-215x215.jpg\" class=\"attachment-thumbnail size-thumbnail\" alt=\"Sch\u00fcler der VABO-Klassen pr\u00e4sentieren ihre Leucht-Figuren w\u00e4hrend des Lichterumzugs.\" \/><\/a>\n\t\t\t<\/div><\/figure><figure class='gallery-item'>\n\t\t\t<div class='gallery-icon portrait'>\n\t\t\t\t<a href='https:\/\/www.ess-rv.de\/wp-content\/uploads\/2026\/03\/2026-lichterfest-lichterfest-1280-001.jpg'><img loading=\"lazy\" decoding=\"async\" width=\"215\" height=\"215\" src=\"https:\/\/www.ess-rv.de\/wp-content\/uploads\/2026\/03\/2026-lichterfest-lichterfest-1280-001-215x215.jpg\" class=\"attachment-thumbnail size-thumbnail\" alt=\"Sch\u00fcler der VABO-Klassen pr\u00e4sentieren ihre Leucht-Figuren w\u00e4hrend des Lichterumzugs.\" \/><\/a>\n\t\t\t<\/div><\/figure>\n\t\t<\/div>\n\n<p>Beim Lichterfest in Ravensburg 2026 verwandelte sich die Innenstadt in ein Meer aus Licht, Farben und Fantasie. Rund 1500 Mitwirkende zogen in einem stimmungsvollen Umzug durch die Stra\u00dfen und begeisterten die zahlreichen Zuschauerinnen und Zuschauer. Mit dabei waren auch Sch\u00fclerinnen und Sch\u00fcler der Klassen VABO2 und VABO3. Das diesj\u00e4hrige Thema lautete \u201eFeuer\u201c. Daf\u00fcr gestalteten die Sch\u00fclerinnen und Sch\u00fcler fantasievolle Figuren aus Weiden und Papier. In mehreren Workshops mit dem Kapuziner-Kreativzentrum entwarfen und bauten sie ihre Figuren Schritt f\u00fcr Schritt selbst. <!--more--><\/p>\n<p>Beim Umzug durch die Innenstadt wurden die Figuren zum Leben erweckt. Die Zuschauer staunten \u00fcber die leuchtenden und fantasievollen Gestalten. Gleichzeitig waren auch die Sch\u00fclerinnen und Sch\u00fcler beeindruckt \u2013 besonders von den vielen Menschen, die am Stra\u00dfenrand standen und den Umzug verfolgten. \u00dcber zwei Stunden lang zog der Lichterzug durch die Ravensburger Innenstadt. F\u00fcr alle Beteiligten war es ein besonderes Erlebnis, das sicher noch lange in Erinnerung bleiben wird.<\/p>\n","protected":false},"excerpt":{"rendered":"<p>Beim Lichterfest in Ravensburg 2026 verwandelte sich die Innenstadt in ein Meer aus Licht, Farben und Fantasie. Rund 1500 Mitwirkende zogen in einem stimmungsvollen Umzug durch die Stra\u00dfen und begeisterten die zahlreichen Zuschauerinnen und Zuschauer. Mit dabei waren auch Sch\u00fclerinnen und Sch\u00fcler der Klassen VABO2 und VABO3. Das diesj\u00e4hrige Thema lautete \u201eFeuer\u201c. Daf\u00fcr gestalteten die &hellip; <a href=\"https:\/\/www.ess-rv.de\/?p=10033\" class=\"more-link\"><span class=\"screen-reader-text\">Ein Meer aus Licht, Farben und Fantasie<\/span> weiterlesen <span class=\"meta-nav\">&rarr;<\/span><\/a><\/p>\n","protected":false},"author":3,"featured_media":0,"comment_status":"closed","ping_status":"closed","sticky":false,"template":"","format":"standard","meta":{"footnotes":"","_links_to":"","_links_to_target":""},"categories":[18,194,2,106,198,89,33],"tags":[503,505,67,49,39],"class_list":["post-10033","post","type-post","status-publish","format-standard","hentry","category-ausserschulische-veranstaltung","category-ausstellung","category-bildungsangebot","category-kunst","category-standort-ravensburg","category-vabo","category-veranstaltung","tag-2025-2026","tag-lichterfest","tag-projekt","tag-ravensburg","tag-vabo"],"_links":{"self":[{"href":"https:\/\/www.ess-rv.de\/index.php?rest_route=\/wp\/v2\/posts\/10033","targetHints":{"allow":["GET"]}}],"collection":[{"href":"https:\/\/www.ess-rv.de\/index.php?rest_route=\/wp\/v2\/posts"}],"about":[{"href":"https:\/\/www.ess-rv.de\/index.php?rest_route=\/wp\/v2\/types\/post"}],"author":[{"embeddable":true,"href":"https:\/\/www.ess-rv.de\/index.php?rest_route=\/wp\/v2\/users\/3"}],"replies":[{"embeddable":true,"href":"https:\/\/www.ess-rv.de\/index.php?rest_route=%2Fwp%2Fv2%2Fcomments&post=10033"}],"version-history":[{"count":4,"href":"https:\/\/www.ess-rv.de\/index.php?rest_route=\/wp\/v2\/posts\/10033\/revisions"}],"predecessor-version":[{"id":10040,"href":"https:\/\/www.ess-rv.de\/index.php?rest_route=\/wp\/v2\/posts\/10033\/revisions\/10040"}],"wp:attachment":[{"href":"https:\/\/www.ess-rv.de\/index.php?rest_route=%2Fwp%2Fv2%2Fmedia&parent=10033"}],"wp:term":[{"taxonomy":"category","embeddable":true,"href":"https:\/\/www.ess-rv.de\/index.php?rest_route=%2Fwp%2Fv2%2Fcategories&post=10033"},{"taxonomy":"post_tag","embeddable":true,"href":"https:\/\/www.ess-rv.de\/index.php?rest_route=%2Fwp%2Fv2%2Ftags&post=10033"}],"curies":[{"name":"wp","href":"https:\/\/api.w.org\/{rel}","templated":true}]}}