{"id":10041,"date":"2026-03-14T18:02:30","date_gmt":"2026-03-14T17:02:30","guid":{"rendered":"https:\/\/www.ess-rv.de\/?p=10041"},"modified":"2026-03-13T14:08:13","modified_gmt":"2026-03-13T13:08:13","slug":"diy-workshop-begeistert-die-klasse-avdual-1a","status":"publish","type":"post","link":"https:\/\/www.ess-rv.de\/?p=10041","title":{"rendered":"DIY-Workshop begeistert die Klasse AVdual 1a"},"content":{"rendered":"<p><div id='gallery-1' class='gallery galleryid-10041 gallery-columns-3 gallery-size-thumbnail'><figure class='gallery-item'>\n\t\t\t<div class='gallery-icon portrait'>\n\t\t\t\t<a href='https:\/\/www.ess-rv.de\/wp-content\/uploads\/2026\/03\/2026-wissenswerkstatt-wissenswerkstatt-1280-002.jpg'><img loading=\"lazy\" decoding=\"async\" width=\"215\" height=\"215\" src=\"https:\/\/www.ess-rv.de\/wp-content\/uploads\/2026\/03\/2026-wissenswerkstatt-wissenswerkstatt-1280-002-215x215.jpg\" class=\"attachment-thumbnail size-thumbnail\" alt=\"Ein Sch\u00fcler bearbeitet ein Metallblech mit einer Feile.\" \/><\/a>\n\t\t\t<\/div><\/figure><figure class='gallery-item'>\n\t\t\t<div class='gallery-icon landscape'>\n\t\t\t\t<a href='https:\/\/www.ess-rv.de\/wp-content\/uploads\/2026\/03\/2026-wissenswerkstatt-wissenswerkstatt-1280-003.jpg'><img loading=\"lazy\" decoding=\"async\" width=\"215\" height=\"215\" src=\"https:\/\/www.ess-rv.de\/wp-content\/uploads\/2026\/03\/2026-wissenswerkstatt-wissenswerkstatt-1280-003-215x215.jpg\" class=\"attachment-thumbnail size-thumbnail\" alt=\"Ein Techniker weist eine Sch\u00fclerin mit Schutzbrille an der Drehmaschine ein.\" \/><\/a>\n\t\t\t<\/div><\/figure><figure class='gallery-item'>\n\t\t\t<div class='gallery-icon landscape'>\n\t\t\t\t<a href='https:\/\/www.ess-rv.de\/wp-content\/uploads\/2026\/03\/2026-wissenswerkstatt-wissenswerkstatt-1280-001.jpg'><img loading=\"lazy\" decoding=\"async\" width=\"215\" height=\"215\" src=\"https:\/\/www.ess-rv.de\/wp-content\/uploads\/2026\/03\/2026-wissenswerkstatt-wissenswerkstatt-1280-001-215x215.jpg\" class=\"attachment-thumbnail size-thumbnail\" alt=\"Selbst produzierte Schl\u00fcsselanh\u00e4nger aus Metallblech.\" \/><\/a>\n\t\t\t<\/div><\/figure>\n\t\t<\/div>\nFeile, S\u00e4ge, Schleifpapier, Hammer &#038; Co. \u2013 mit diesen Werkzeugen fertigten die Sch\u00fclerinnen und Sch\u00fcler der AV1a in der Wissenswerkstatt Friedrichshafen einen Schl\u00fcsselanh\u00e4nger aus Metall. Nach einer kurzen Einf\u00fchrung des Kursleiters Stefan Seeger zum Thema Metall konnten die Jugendlichen ihr K\u00f6nnen sofort am Schraubstock unter Beweis stellen und ein Werkst\u00fcck ihrer Wahl bearbeiten. Die \u00e4u\u00dferst angenehme Arbeitsatmosph\u00e4re und die helfenden H\u00e4nde in der Gruppe, wenn eine oder einer beim S\u00e4gen, Feilen, Schleifen, H\u00e4mmern, K\u00f6rnern oder Bohren Unterst\u00fctzung ben\u00f6tigte, waren beeindruckend. Zufriedene Gesichter, Spa\u00df und das Erkennen versteckter Talente sind das Ergebnis dieses erfolgreichen Workshops zur Berufsorientierung.<\/p>\n","protected":false},"excerpt":{"rendered":"<p>Feile, S\u00e4ge, Schleifpapier, Hammer &#038; Co. \u2013 mit diesen Werkzeugen fertigten die Sch\u00fclerinnen und Sch\u00fcler der AV1a in der Wissenswerkstatt Friedrichshafen einen Schl\u00fcsselanh\u00e4nger aus Metall. Nach einer kurzen Einf\u00fchrung des Kursleiters Stefan Seeger zum Thema Metall konnten die Jugendlichen ihr K\u00f6nnen sofort am Schraubstock unter Beweis stellen und ein Werkst\u00fcck ihrer Wahl bearbeiten. Die \u00e4u\u00dferst &hellip; <a href=\"https:\/\/www.ess-rv.de\/?p=10041\" class=\"more-link\"><span class=\"screen-reader-text\">DIY-Workshop begeistert die Klasse AVdual 1a<\/span> weiterlesen <span class=\"meta-nav\">&rarr;<\/span><\/a><\/p>\n","protected":false},"author":3,"featured_media":0,"comment_status":"closed","ping_status":"closed","sticky":false,"template":"","format":"standard","meta":{"footnotes":"","_links_to":"","_links_to_target":""},"categories":[18,457,2,190,156,298,198],"tags":[503,416,458,254,49],"class_list":["post-10041","post","type-post","status-publish","format-standard","hentry","category-ausserschulische-veranstaltung","category-avdual","category-bildungsangebot","category-exkursion","category-klassenfahrt","category-praktikum","category-standort-ravensburg","tag-2025-2026","tag-aus-dem-unterricht","tag-avdual","tag-exkursion","tag-ravensburg"],"_links":{"self":[{"href":"https:\/\/www.ess-rv.de\/index.php?rest_route=\/wp\/v2\/posts\/10041","targetHints":{"allow":["GET"]}}],"collection":[{"href":"https:\/\/www.ess-rv.de\/index.php?rest_route=\/wp\/v2\/posts"}],"about":[{"href":"https:\/\/www.ess-rv.de\/index.php?rest_route=\/wp\/v2\/types\/post"}],"author":[{"embeddable":true,"href":"https:\/\/www.ess-rv.de\/index.php?rest_route=\/wp\/v2\/users\/3"}],"replies":[{"embeddable":true,"href":"https:\/\/www.ess-rv.de\/index.php?rest_route=%2Fwp%2Fv2%2Fcomments&post=10041"}],"version-history":[{"count":1,"href":"https:\/\/www.ess-rv.de\/index.php?rest_route=\/wp\/v2\/posts\/10041\/revisions"}],"predecessor-version":[{"id":10045,"href":"https:\/\/www.ess-rv.de\/index.php?rest_route=\/wp\/v2\/posts\/10041\/revisions\/10045"}],"wp:attachment":[{"href":"https:\/\/www.ess-rv.de\/index.php?rest_route=%2Fwp%2Fv2%2Fmedia&parent=10041"}],"wp:term":[{"taxonomy":"category","embeddable":true,"href":"https:\/\/www.ess-rv.de\/index.php?rest_route=%2Fwp%2Fv2%2Fcategories&post=10041"},{"taxonomy":"post_tag","embeddable":true,"href":"https:\/\/www.ess-rv.de\/index.php?rest_route=%2Fwp%2Fv2%2Ftags&post=10041"}],"curies":[{"name":"wp","href":"https:\/\/api.w.org\/{rel}","templated":true}]}}