{"id":10046,"date":"2026-03-16T18:16:24","date_gmt":"2026-03-16T17:16:24","guid":{"rendered":"https:\/\/www.ess-rv.de\/?p=10046"},"modified":"2026-03-13T14:25:53","modified_gmt":"2026-03-13T13:25:53","slug":"berufsorientierung-an-der-berufsfachschule","status":"publish","type":"post","link":"https:\/\/www.ess-rv.de\/?p=10046","title":{"rendered":"Berufsorientierung an der Berufsfachschule"},"content":{"rendered":"<p><div id='gallery-1' class='gallery galleryid-10046 gallery-columns-3 gallery-size-thumbnail'><figure class='gallery-item'>\n\t\t\t<div class='gallery-icon landscape'>\n\t\t\t\t<a href='https:\/\/www.ess-rv.de\/wp-content\/uploads\/2026\/03\/2026-berufsorientierung-1280-003.jpeg'><img loading=\"lazy\" decoding=\"async\" width=\"215\" height=\"215\" src=\"https:\/\/www.ess-rv.de\/wp-content\/uploads\/2026\/03\/2026-berufsorientierung-1280-003-215x215.jpeg\" class=\"attachment-thumbnail size-thumbnail\" alt=\"Insekten von Figuren zusammengebaut aus unterschiedlichen Elektro-Materialien.\" \/><\/a>\n\t\t\t<\/div><\/figure><figure class='gallery-item'>\n\t\t\t<div class='gallery-icon portrait'>\n\t\t\t\t<a href='https:\/\/www.ess-rv.de\/wp-content\/uploads\/2026\/03\/2026-berufsorientierung-1280-002.jpeg'><img loading=\"lazy\" decoding=\"async\" width=\"215\" height=\"215\" src=\"https:\/\/www.ess-rv.de\/wp-content\/uploads\/2026\/03\/2026-berufsorientierung-1280-002-215x215.jpeg\" class=\"attachment-thumbnail size-thumbnail\" alt=\"Sch\u00fclerinnen pipettieren mit einer Mikropipette eine klare L\u00f6sung aus einer Glasflasche.\" \/><\/a>\n\t\t\t<\/div><\/figure><figure class='gallery-item'>\n\t\t\t<div class='gallery-icon portrait'>\n\t\t\t\t<a href='https:\/\/www.ess-rv.de\/wp-content\/uploads\/2026\/03\/2026-berufsorientierung-1280-001.jpeg'><img loading=\"lazy\" decoding=\"async\" width=\"215\" height=\"215\" src=\"https:\/\/www.ess-rv.de\/wp-content\/uploads\/2026\/03\/2026-berufsorientierung-1280-001-215x215.jpeg\" class=\"attachment-thumbnail size-thumbnail\" alt=\"Auf einem Labortisch stehen Chemikalien und Instrumente zur Herstellung von Cremes und Lippenstift.\" \/><\/a>\n\t\t\t<\/div><\/figure>\n\t\t<\/div>\nAm 12. Februar hatten unsere Sch\u00fclerinnen und Sch\u00fcler der Zweij\u00e4hrigen Berufsfachschule mit dem Schwerpunkt Gesundheit und Pflege die Gelegenheit, einen Tag lang spannende Einblicke in die Bernd-Blindow-Schulen Ravensburg zu erhalten \u2013 ein besonderer Schnuppertag, der im Rahmen der Berufsorientierung durch die Jugendberufshilfe organisiert wurde. Dank der tollen Organisation und der herzlichen Gastfreundschaft der Bernd-Blindow-Schulen konnten die Jugendlichen vielf\u00e4ltige Einblicke in verschiedene Berufsfelder gewinnen und wertvolle Kontakte kn\u00fcpfen.<!--more--><\/p>\n<p>Der Tag begann mit drei abwechslungsreichen Workshops, die jeweils spannende Themenbereiche abdeckten:<\/p>\n<ul>\n<li>Informationstechnische\/er Assistentin\/Assistent (ITA)<br \/>\nHier durften die Sch\u00fclerinnen und Sch\u00fcler einen analogen Stromk\u00e4fer aufbauen. Dieser praktische Einstieg in die Elektronik vermittelte nicht nur technisches Grundwissen, sondern machte auch Lust auf weitere spannende Entwicklungen im Bereich der Informatik.<\/li>\n<li>Biologisch-technische\/er Assistentin\/Assistent (BTA)<br \/>\nIn diesem Workshop erhielten die Jugendlichen einen faszinierenden Einblick in die Ausbildung zum\/zur Biologisch-technischen Assistenten\/Assistentin. Besonders beeindruckend war die M\u00f6glichkeit, die Mikroskopie hautnah zu erleben und die vielf\u00e4ltigen T\u00e4tigkeiten in diesem Beruf kennenzulernen.<\/li>\n<li>Pharmazeutisch-technische\/er Assistentin\/Assistent (PTA)<br \/>\nBeim letzten Workshop konnten die Sch\u00fclerinnen und Sch\u00fcler die Ausbildung zum\/zur PTA kennenlernen. Ein Highlight war die eigene Herstellung von Lippenpflegeprodukten, die den jungen Teilnehmerinnen und Teilnehmern viel Spa\u00df bereitete und das praktische Arbeiten in diesem Beruf greifbar machte.<\/li>\n<\/ul>\n<p>Der rege Austausch zwischen den Sch\u00fclerinnen, Sch\u00fclern und den Auszubildenden der Bernd-Blindow-Schulen war \u00e4u\u00dferst bereichernd. Viele unserer Jugendlichen nutzten die Gelegenheit, direkt mit den Auszubildenden ins Gespr\u00e4ch zu kommen, Fragen zu stellen und wertvolle Tipps f\u00fcr ihre berufliche Zukunft zu erhalten. Besonders erfreulich ist, dass durch diesen Tag einige Ausbildungswege f\u00fcr unsere Sch\u00fclerinnen und Sch\u00fcler konkret in den Blick ger\u00fcckt wurden. Einige konnten bereits erste Schritte in Richtung ihrer Wunschberufe unternehmen, w\u00e4hrend andere neue Perspektiven gewinnen konnten. Wir freuen uns auf weitere gemeinsame Projekte und w\u00fcnschen allen Sch\u00fclerinnen und Sch\u00fclern viel Erfolg auf ihrem beruflichen Weg!<\/p>\n","protected":false},"excerpt":{"rendered":"<p>Am 12. Februar hatten unsere Sch\u00fclerinnen und Sch\u00fcler der Zweij\u00e4hrigen Berufsfachschule mit dem Schwerpunkt Gesundheit und Pflege die Gelegenheit, einen Tag lang spannende Einblicke in die Bernd-Blindow-Schulen Ravensburg zu erhalten \u2013 ein besonderer Schnuppertag, der im Rahmen der Berufsorientierung durch die Jugendberufshilfe organisiert wurde. Dank der tollen Organisation und der herzlichen Gastfreundschaft der Bernd-Blindow-Schulen konnten &hellip; <a href=\"https:\/\/www.ess-rv.de\/?p=10046\" class=\"more-link\"><span class=\"screen-reader-text\">Berufsorientierung an der Berufsfachschule<\/span> weiterlesen <span class=\"meta-nav\">&rarr;<\/span><\/a><\/p>\n","protected":false},"author":3,"featured_media":0,"comment_status":"closed","ping_status":"closed","sticky":false,"template":"","format":"standard","meta":{"footnotes":"","_links_to":"","_links_to_target":""},"categories":[404,422,18,457,30,2,190,198],"tags":[503,458,417,157,390,49],"class_list":["post-10046","post","type-post","status-publish","format-standard","hentry","category-2bfh","category-2bfp","category-ausserschulische-veranstaltung","category-avdual","category-berufsfachschule","category-bildungsangebot","category-exkursion","category-standort-ravensburg","tag-2025-2026","tag-avdual","tag-berufsberatung","tag-berufsfachschule","tag-jugendberufshilfe","tag-ravensburg"],"_links":{"self":[{"href":"https:\/\/www.ess-rv.de\/index.php?rest_route=\/wp\/v2\/posts\/10046","targetHints":{"allow":["GET"]}}],"collection":[{"href":"https:\/\/www.ess-rv.de\/index.php?rest_route=\/wp\/v2\/posts"}],"about":[{"href":"https:\/\/www.ess-rv.de\/index.php?rest_route=\/wp\/v2\/types\/post"}],"author":[{"embeddable":true,"href":"https:\/\/www.ess-rv.de\/index.php?rest_route=\/wp\/v2\/users\/3"}],"replies":[{"embeddable":true,"href":"https:\/\/www.ess-rv.de\/index.php?rest_route=%2Fwp%2Fv2%2Fcomments&post=10046"}],"version-history":[{"count":3,"href":"https:\/\/www.ess-rv.de\/index.php?rest_route=\/wp\/v2\/posts\/10046\/revisions"}],"predecessor-version":[{"id":10052,"href":"https:\/\/www.ess-rv.de\/index.php?rest_route=\/wp\/v2\/posts\/10046\/revisions\/10052"}],"wp:attachment":[{"href":"https:\/\/www.ess-rv.de\/index.php?rest_route=%2Fwp%2Fv2%2Fmedia&parent=10046"}],"wp:term":[{"taxonomy":"category","embeddable":true,"href":"https:\/\/www.ess-rv.de\/index.php?rest_route=%2Fwp%2Fv2%2Fcategories&post=10046"},{"taxonomy":"post_tag","embeddable":true,"href":"https:\/\/www.ess-rv.de\/index.php?rest_route=%2Fwp%2Fv2%2Ftags&post=10046"}],"curies":[{"name":"wp","href":"https:\/\/api.w.org\/{rel}","templated":true}]}}