{"id":1086,"date":"2014-07-15T20:21:48","date_gmt":"2014-07-15T19:21:48","guid":{"rendered":"http:\/\/www.ess-rv.de\/?p=1086"},"modified":"2015-03-16T20:26:59","modified_gmt":"2015-03-16T19:26:59","slug":"gg1-spendet-220-euro-an-target","status":"publish","type":"post","link":"https:\/\/www.ess-rv.de\/?p=1086","title":{"rendered":"GG1 spendet 220 Euro an &#8222;Target&#8220;"},"content":{"rendered":"<p><a href=\"http:\/\/www.ess-rv.de\/wp-content\/uploads\/2015\/03\/2014_07_17_14_02_30_Zwischenablage01v.jpg\"><img loading=\"lazy\" decoding=\"async\" class=\"alignright size-full wp-image-1079\" src=\"http:\/\/www.ess-rv.de\/wp-content\/uploads\/2015\/03\/2014_07_17_14_02_30_Zwischenablage01v.jpg\" alt=\"Franziska R\u00fcbner (5. von links im Vordergrund) der Klasse GG Jahrgangsstufe 1 berichtete ihrer Klasse \u00fcber \u201eTarget\u201c\" width=\"300\" height=\"225\" \/><\/a>Franziska R\u00fcbner der Klasse Jahrgangsstufe 1 des Sozial- und gesundheitswissenschaftlichen Gymnasiums (GG) berichtete ihrer Klasse \u00fcber \u201eTarget\u201c (<a href=\"http:\/\/www.target-human-rights.de\/\" target=\"_blank\">www.target-human-rights.de\/<\/a>) und hat zusammen mit ihren Klassenkameraden und Roland Paul 220 Euro gesammelt.<br \/>\n\u201eT\u00e4glich werden 8.000 M\u00e4dchen ihrer Genitalien und W\u00fcrde beraubt. Alle elf Sekunden eins. Weltweit sind davon 150 Millionen Frauen in 35 L\u00e4ndern betroffen, unabh\u00e4ngig von ihrer Religionszugeh\u00f6rigkeit. Dieses Verbrechen will \u201eTarget\u201c beenden.<\/p>\n","protected":false},"excerpt":{"rendered":"<p>Franziska R\u00fcbner der Klasse Jahrgangsstufe 1 des Sozial- und gesundheitswissenschaftlichen Gymnasiums (GG) berichtete ihrer Klasse \u00fcber \u201eTarget\u201c (www.target-human-rights.de\/) und hat zusammen mit ihren Klassenkameraden und Roland Paul 220 Euro gesammelt. \u201eT\u00e4glich werden 8.000 M\u00e4dchen ihrer Genitalien und W\u00fcrde beraubt. Alle elf Sekunden eins. Weltweit sind davon 150 Millionen Frauen in 35 L\u00e4ndern betroffen, unabh\u00e4ngig von &hellip; <a href=\"https:\/\/www.ess-rv.de\/?p=1086\" class=\"more-link\"><span class=\"screen-reader-text\">GG1 spendet 220 Euro an &#8222;Target&#8220;<\/span> weiterlesen <span class=\"meta-nav\">&rarr;<\/span><\/a><\/p>\n","protected":false},"author":3,"featured_media":0,"comment_status":"closed","ping_status":"closed","sticky":false,"template":"","format":"standard","meta":{"footnotes":"","_links_to":"","_links_to_target":""},"categories":[18,29,2,47],"tags":[94,50,145,52,144],"class_list":["post-1086","post","type-post","status-publish","format-standard","hentry","category-ausserschulische-veranstaltung","category-berufliche-gymnasien","category-bildungsangebot","category-soziales-engagement","tag-2013-2014","tag-engagement","tag-gg","tag-kooperation","tag-spenden"],"_links":{"self":[{"href":"https:\/\/www.ess-rv.de\/index.php?rest_route=\/wp\/v2\/posts\/1086","targetHints":{"allow":["GET"]}}],"collection":[{"href":"https:\/\/www.ess-rv.de\/index.php?rest_route=\/wp\/v2\/posts"}],"about":[{"href":"https:\/\/www.ess-rv.de\/index.php?rest_route=\/wp\/v2\/types\/post"}],"author":[{"embeddable":true,"href":"https:\/\/www.ess-rv.de\/index.php?rest_route=\/wp\/v2\/users\/3"}],"replies":[{"embeddable":true,"href":"https:\/\/www.ess-rv.de\/index.php?rest_route=%2Fwp%2Fv2%2Fcomments&post=1086"}],"version-history":[{"count":1,"href":"https:\/\/www.ess-rv.de\/index.php?rest_route=\/wp\/v2\/posts\/1086\/revisions"}],"predecessor-version":[{"id":1087,"href":"https:\/\/www.ess-rv.de\/index.php?rest_route=\/wp\/v2\/posts\/1086\/revisions\/1087"}],"wp:attachment":[{"href":"https:\/\/www.ess-rv.de\/index.php?rest_route=%2Fwp%2Fv2%2Fmedia&parent=1086"}],"wp:term":[{"taxonomy":"category","embeddable":true,"href":"https:\/\/www.ess-rv.de\/index.php?rest_route=%2Fwp%2Fv2%2Fcategories&post=1086"},{"taxonomy":"post_tag","embeddable":true,"href":"https:\/\/www.ess-rv.de\/index.php?rest_route=%2Fwp%2Fv2%2Ftags&post=1086"}],"curies":[{"name":"wp","href":"https:\/\/api.w.org\/{rel}","templated":true}]}}