{"id":1103,"date":"2014-05-29T20:51:36","date_gmt":"2014-05-29T19:51:36","guid":{"rendered":"http:\/\/www.ess-rv.de\/?p=1103"},"modified":"2015-03-16T20:53:51","modified_gmt":"2015-03-16T19:53:51","slug":"kinderregenwald-team-stellt-erfolgreiches-laeufertrio","status":"publish","type":"post","link":"https:\/\/www.ess-rv.de\/?p=1103","title":{"rendered":"Kinderregenwald-Team stellt erfolgreiches L\u00e4ufertrio"},"content":{"rendered":"<p><a href=\"http:\/\/www.ess-rv.de\/wp-content\/uploads\/2015\/03\/2014_06_02_08_55_39_IMG_2129v.jpg\"><img loading=\"lazy\" decoding=\"async\" class=\"alignright size-medium wp-image-1075\" src=\"http:\/\/www.ess-rv.de\/wp-content\/uploads\/2015\/03\/2014_06_02_08_55_39_IMG_2129v-230x300.jpg\" alt=\"Bild von l.n.r.: B\u00e4rbel Paul (56:01 Min.), Roland Paul (50:20 Min.), Barbara Jans (50:48 Min.).\" width=\"230\" height=\"300\" srcset=\"https:\/\/www.ess-rv.de\/wp-content\/uploads\/2015\/03\/2014_06_02_08_55_39_IMG_2129v-230x300.jpg 230w, https:\/\/www.ess-rv.de\/wp-content\/uploads\/2015\/03\/2014_06_02_08_55_39_IMG_2129v.jpg 300w\" sizes=\"auto, (max-width: 230px) 100vw, 230px\" \/><\/a>Anstatt eines gem\u00fctlichen Vatertags-Ausflugs begaben sich drei Regenwaldkinder bei besten l\u00e4uferischen Bedingungen auf die wundersch\u00f6ne Laufstrecke am Heiligenberger Schloss, die zweimal durchlaufen werden musste. W\u00e4hrend B\u00e4rbel Paul ihre Altersklasse W60 \u00fcber die Distanz von 10,6 Kilometern gewann, erreichen Barbara Jans und Roland Paul jeweils den zweiten Platz in der W40 bzw. M60.<\/p>\n","protected":false},"excerpt":{"rendered":"<p>Anstatt eines gem\u00fctlichen Vatertags-Ausflugs begaben sich drei Regenwaldkinder bei besten l\u00e4uferischen Bedingungen auf die wundersch\u00f6ne Laufstrecke am Heiligenberger Schloss, die zweimal durchlaufen werden musste. W\u00e4hrend B\u00e4rbel Paul ihre Altersklasse W60 \u00fcber die Distanz von 10,6 Kilometern gewann, erreichen Barbara Jans und Roland Paul jeweils den zweiten Platz in der W40 bzw. M60.<\/p>\n","protected":false},"author":3,"featured_media":0,"comment_status":"closed","ping_status":"closed","sticky":false,"template":"","format":"standard","meta":{"footnotes":"","_links_to":"","_links_to_target":""},"categories":[18,108],"tags":[94,110,137],"class_list":["post-1103","post","type-post","status-publish","format-standard","hentry","category-ausserschulische-veranstaltung","category-umweltschutz","tag-2013-2014","tag-kinderregenwald","tag-umweltschutz"],"_links":{"self":[{"href":"https:\/\/www.ess-rv.de\/index.php?rest_route=\/wp\/v2\/posts\/1103","targetHints":{"allow":["GET"]}}],"collection":[{"href":"https:\/\/www.ess-rv.de\/index.php?rest_route=\/wp\/v2\/posts"}],"about":[{"href":"https:\/\/www.ess-rv.de\/index.php?rest_route=\/wp\/v2\/types\/post"}],"author":[{"embeddable":true,"href":"https:\/\/www.ess-rv.de\/index.php?rest_route=\/wp\/v2\/users\/3"}],"replies":[{"embeddable":true,"href":"https:\/\/www.ess-rv.de\/index.php?rest_route=%2Fwp%2Fv2%2Fcomments&post=1103"}],"version-history":[{"count":1,"href":"https:\/\/www.ess-rv.de\/index.php?rest_route=\/wp\/v2\/posts\/1103\/revisions"}],"predecessor-version":[{"id":1104,"href":"https:\/\/www.ess-rv.de\/index.php?rest_route=\/wp\/v2\/posts\/1103\/revisions\/1104"}],"wp:attachment":[{"href":"https:\/\/www.ess-rv.de\/index.php?rest_route=%2Fwp%2Fv2%2Fmedia&parent=1103"}],"wp:term":[{"taxonomy":"category","embeddable":true,"href":"https:\/\/www.ess-rv.de\/index.php?rest_route=%2Fwp%2Fv2%2Fcategories&post=1103"},{"taxonomy":"post_tag","embeddable":true,"href":"https:\/\/www.ess-rv.de\/index.php?rest_route=%2Fwp%2Fv2%2Ftags&post=1103"}],"curies":[{"name":"wp","href":"https:\/\/api.w.org\/{rel}","templated":true}]}}