{"id":1109,"date":"2014-05-07T21:00:36","date_gmt":"2014-05-07T20:00:36","guid":{"rendered":"http:\/\/www.ess-rv.de\/?p=1109"},"modified":"2015-03-16T21:02:54","modified_gmt":"2015-03-16T20:02:54","slug":"acht-schuelerinnen-sammeln-spenden-fuer-den-kinderregenwald","status":"publish","type":"post","link":"https:\/\/www.ess-rv.de\/?p=1109","title":{"rendered":"Acht Sch\u00fclerinnen sammeln Spenden f\u00fcr den Kinderregenwald"},"content":{"rendered":"<p>Im Rahmen ihres freiwilligen sozialen Jahres waren Jana Mannel, ehemalige Sch\u00fclerin des Agrarwissenschaftlichen Gymnasiums und weitere sieben Mitstreiterinnen eine Woche lang als \u201e\u00d6koprofis\u201c f\u00fcr ihre Wochenaufgabe mit dem Thema \u201eUmweltschutz\u201c in der Innenstadt von Friedrichshafen unterwegs. Mit Hilfe eines selbst erstellten Fragebogens erkundeten sie das Energiebewusstsein der Passanten und stellten fest, dass f\u00fcr die meisten Befragten das Thema Umwelt im Focus ihres t\u00e4glichen Verhaltens steht. Bei dieser Aktion wurde auch auf die \u00fcberragende Bedeutung der tropischen Regenw\u00e4lder im Zusammenhang mit dem Treibhauseffekt hingewiesen. F\u00fcr den Erhalt und die Vergr\u00f6\u00dferung der Kinderregenw\u00e4lder in Costa Rica sammelten sie 136,85 Euro.<\/p>\n","protected":false},"excerpt":{"rendered":"<p>Im Rahmen ihres freiwilligen sozialen Jahres waren Jana Mannel, ehemalige Sch\u00fclerin des Agrarwissenschaftlichen Gymnasiums und weitere sieben Mitstreiterinnen eine Woche lang als \u201e\u00d6koprofis\u201c f\u00fcr ihre Wochenaufgabe mit dem Thema \u201eUmweltschutz\u201c in der Innenstadt von Friedrichshafen unterwegs. Mit Hilfe eines selbst erstellten Fragebogens erkundeten sie das Energiebewusstsein der Passanten und stellten fest, dass f\u00fcr die meisten &hellip; <a href=\"https:\/\/www.ess-rv.de\/?p=1109\" class=\"more-link\"><span class=\"screen-reader-text\">Acht Sch\u00fclerinnen sammeln Spenden f\u00fcr den Kinderregenwald<\/span> weiterlesen <span class=\"meta-nav\">&rarr;<\/span><\/a><\/p>\n","protected":false},"author":3,"featured_media":0,"comment_status":"closed","ping_status":"closed","sticky":false,"template":"","format":"aside","meta":{"footnotes":"","_links_to":"","_links_to_target":""},"categories":[18,29,2,108],"tags":[94,110,144,137],"class_list":["post-1109","post","type-post","status-publish","format-aside","hentry","category-ausserschulische-veranstaltung","category-berufliche-gymnasien","category-bildungsangebot","category-umweltschutz","tag-2013-2014","tag-kinderregenwald","tag-spenden","tag-umweltschutz","post_format-post-format-aside"],"_links":{"self":[{"href":"https:\/\/www.ess-rv.de\/index.php?rest_route=\/wp\/v2\/posts\/1109","targetHints":{"allow":["GET"]}}],"collection":[{"href":"https:\/\/www.ess-rv.de\/index.php?rest_route=\/wp\/v2\/posts"}],"about":[{"href":"https:\/\/www.ess-rv.de\/index.php?rest_route=\/wp\/v2\/types\/post"}],"author":[{"embeddable":true,"href":"https:\/\/www.ess-rv.de\/index.php?rest_route=\/wp\/v2\/users\/3"}],"replies":[{"embeddable":true,"href":"https:\/\/www.ess-rv.de\/index.php?rest_route=%2Fwp%2Fv2%2Fcomments&post=1109"}],"version-history":[{"count":1,"href":"https:\/\/www.ess-rv.de\/index.php?rest_route=\/wp\/v2\/posts\/1109\/revisions"}],"predecessor-version":[{"id":1110,"href":"https:\/\/www.ess-rv.de\/index.php?rest_route=\/wp\/v2\/posts\/1109\/revisions\/1110"}],"wp:attachment":[{"href":"https:\/\/www.ess-rv.de\/index.php?rest_route=%2Fwp%2Fv2%2Fmedia&parent=1109"}],"wp:term":[{"taxonomy":"category","embeddable":true,"href":"https:\/\/www.ess-rv.de\/index.php?rest_route=%2Fwp%2Fv2%2Fcategories&post=1109"},{"taxonomy":"post_tag","embeddable":true,"href":"https:\/\/www.ess-rv.de\/index.php?rest_route=%2Fwp%2Fv2%2Ftags&post=1109"}],"curies":[{"name":"wp","href":"https:\/\/api.w.org\/{rel}","templated":true}]}}