{"id":1125,"date":"2014-03-29T12:35:25","date_gmt":"2014-03-29T11:35:25","guid":{"rendered":"http:\/\/www.ess-rv.de\/?p=1125"},"modified":"2015-03-17T12:37:50","modified_gmt":"2015-03-17T11:37:50","slug":"spendensammlung-auf-dem-marienplatz","status":"publish","type":"post","link":"https:\/\/www.ess-rv.de\/?p=1125","title":{"rendered":"Spendensammlung auf dem Marienplatz"},"content":{"rendered":"<p><a href=\"http:\/\/www.ess-rv.de\/wp-content\/uploads\/2015\/03\/2014_04_02_13_37_03_DSCF3610v.jpg\"><img loading=\"lazy\" decoding=\"async\" class=\"alignleft size-medium wp-image-1070\" src=\"http:\/\/www.ess-rv.de\/wp-content\/uploads\/2015\/03\/2014_04_02_13_37_03_DSCF3610v-300x225.jpg\" alt=\"Spendensammlung auf dem Marienplatz\" width=\"300\" height=\"225\" \/><\/a>Genau \u20ac 1.161,75 sammelte das Kinderregenwaldteam zusammen mit den Kakadus bei strahlendem Sonnenschein auf dem Marienplatz. Das Geld kommt direkt dem von der Unesco gesch\u00fctzten \u201eEwigen Regenwald der Kinder\u201c in Costa Rica zugute, dessen Fl\u00e4che von vielen Kindern auf der ganzen Welt gemeinsam erweitert wird. Auf diese Weise verhindern wir aktiv die Abholzung der W\u00e4lder und die Ausweitung von Palm\u00f6lplantagen. Mit dabei waren viele Oberstufensch\u00fclerInnen, aber auch ein Team der 2BFH1\/1. Vielen Dank f\u00fcr Euer Engagement!!!<\/p>\n","protected":false},"excerpt":{"rendered":"<p>Genau \u20ac 1.161,75 sammelte das Kinderregenwaldteam zusammen mit den Kakadus bei strahlendem Sonnenschein auf dem Marienplatz. Das Geld kommt direkt dem von der Unesco gesch\u00fctzten \u201eEwigen Regenwald der Kinder\u201c in Costa Rica zugute, dessen Fl\u00e4che von vielen Kindern auf der ganzen Welt gemeinsam erweitert wird. Auf diese Weise verhindern wir aktiv die Abholzung der W\u00e4lder &hellip; <a href=\"https:\/\/www.ess-rv.de\/?p=1125\" class=\"more-link\"><span class=\"screen-reader-text\">Spendensammlung auf dem Marienplatz<\/span> weiterlesen <span class=\"meta-nav\">&rarr;<\/span><\/a><\/p>\n","protected":false},"author":3,"featured_media":0,"comment_status":"closed","ping_status":"closed","sticky":false,"template":"","format":"standard","meta":{"footnotes":"","_links_to":"","_links_to_target":""},"categories":[18,108],"tags":[94,177,148,50,110,144,137],"class_list":["post-1125","post","type-post","status-publish","format-standard","hentry","category-ausserschulische-veranstaltung","category-umweltschutz","tag-2013-2014","tag-2bfh","tag-berufliche-gymnasien","tag-engagement","tag-kinderregenwald","tag-spenden","tag-umweltschutz"],"_links":{"self":[{"href":"https:\/\/www.ess-rv.de\/index.php?rest_route=\/wp\/v2\/posts\/1125","targetHints":{"allow":["GET"]}}],"collection":[{"href":"https:\/\/www.ess-rv.de\/index.php?rest_route=\/wp\/v2\/posts"}],"about":[{"href":"https:\/\/www.ess-rv.de\/index.php?rest_route=\/wp\/v2\/types\/post"}],"author":[{"embeddable":true,"href":"https:\/\/www.ess-rv.de\/index.php?rest_route=\/wp\/v2\/users\/3"}],"replies":[{"embeddable":true,"href":"https:\/\/www.ess-rv.de\/index.php?rest_route=%2Fwp%2Fv2%2Fcomments&post=1125"}],"version-history":[{"count":1,"href":"https:\/\/www.ess-rv.de\/index.php?rest_route=\/wp\/v2\/posts\/1125\/revisions"}],"predecessor-version":[{"id":1126,"href":"https:\/\/www.ess-rv.de\/index.php?rest_route=\/wp\/v2\/posts\/1125\/revisions\/1126"}],"wp:attachment":[{"href":"https:\/\/www.ess-rv.de\/index.php?rest_route=%2Fwp%2Fv2%2Fmedia&parent=1125"}],"wp:term":[{"taxonomy":"category","embeddable":true,"href":"https:\/\/www.ess-rv.de\/index.php?rest_route=%2Fwp%2Fv2%2Fcategories&post=1125"},{"taxonomy":"post_tag","embeddable":true,"href":"https:\/\/www.ess-rv.de\/index.php?rest_route=%2Fwp%2Fv2%2Ftags&post=1125"}],"curies":[{"name":"wp","href":"https:\/\/api.w.org\/{rel}","templated":true}]}}