{"id":1136,"date":"2013-09-17T12:49:52","date_gmt":"2013-09-17T11:49:52","guid":{"rendered":"http:\/\/www.ess-rv.de\/?p=1136"},"modified":"2015-03-17T13:11:58","modified_gmt":"2015-03-17T12:11:58","slug":"erlebnispaedagogischer-tag-mit-bej-1-mit-frau-behrenbeck-und-frau-nagel","status":"publish","type":"post","link":"https:\/\/www.ess-rv.de\/?p=1136","title":{"rendered":"Erlebnisp\u00e4dagogischer Tag"},"content":{"rendered":"<p><a href=\"http:\/\/www.ess-rv.de\/wp-content\/uploads\/2015\/03\/2014_01_13_14_16_03_BEJ_1v.jpg\"><img loading=\"lazy\" decoding=\"async\" class=\"alignleft wp-image-1065 size-medium\" src=\"http:\/\/www.ess-rv.de\/wp-content\/uploads\/2015\/03\/2014_01_13_14_16_03_BEJ_1v-300x225.jpg\" alt=\"Erlebnisp\u00e4dagogischer Tag mit BEJ 1 mit Frau Behrenbeck und Frau Nagel\" width=\"300\" height=\"225\" \/><\/a>Die Klasse BEJ 1 f\u00fchrte am 17. September 2013 einen erlebnisp\u00e4dagogischen Tag in Berg-Weiler durch.\u00a0Unter Anleitung eines Fachreferenten wurden verschiedene kooperative Spiele durchgef\u00fchrt und ein Niedrigseilgarten gebaut. Die Sch\u00fcler und Sch\u00fclerinnen lernten sich besser kennen und wuchsen zu einer Gruppe zusammen. Durch die verschiedenen \u00dcbungsformen wurde Vertrauen zu den Mitsch\u00fclern aufgebaut. Es konnte auch die Teamf\u00e4higkeit verbessert werden.<\/p>\n<p>Der Tag wurde von Frau Behrenbeck und Frau Nagel organisiert und betreut.<\/p>\n","protected":false},"excerpt":{"rendered":"<p>Die Klasse BEJ 1 f\u00fchrte am 17. September 2013 einen erlebnisp\u00e4dagogischen Tag in Berg-Weiler durch.\u00a0Unter Anleitung eines Fachreferenten wurden verschiedene kooperative Spiele durchgef\u00fchrt und ein Niedrigseilgarten gebaut. Die Sch\u00fcler und Sch\u00fclerinnen lernten sich besser kennen und wuchsen zu einer Gruppe zusammen. Durch die verschiedenen \u00dcbungsformen wurde Vertrauen zu den Mitsch\u00fclern aufgebaut. Es konnte auch die &hellip; <a href=\"https:\/\/www.ess-rv.de\/?p=1136\" class=\"more-link\"><span class=\"screen-reader-text\">Erlebnisp\u00e4dagogischer Tag<\/span> weiterlesen <span class=\"meta-nav\">&rarr;<\/span><\/a><\/p>\n","protected":false},"author":3,"featured_media":0,"comment_status":"closed","ping_status":"closed","sticky":false,"template":"","format":"standard","meta":{"footnotes":"","_links_to":"","_links_to_target":""},"categories":[18,31,2,117],"tags":[94,118],"class_list":["post-1136","post","type-post","status-publish","format-standard","hentry","category-ausserschulische-veranstaltung","category-berufseinstiegsjahr","category-bildungsangebot","category-erlebnispaedagogik","tag-2013-2014","tag-erlebnispaedagogik"],"_links":{"self":[{"href":"https:\/\/www.ess-rv.de\/index.php?rest_route=\/wp\/v2\/posts\/1136","targetHints":{"allow":["GET"]}}],"collection":[{"href":"https:\/\/www.ess-rv.de\/index.php?rest_route=\/wp\/v2\/posts"}],"about":[{"href":"https:\/\/www.ess-rv.de\/index.php?rest_route=\/wp\/v2\/types\/post"}],"author":[{"embeddable":true,"href":"https:\/\/www.ess-rv.de\/index.php?rest_route=\/wp\/v2\/users\/3"}],"replies":[{"embeddable":true,"href":"https:\/\/www.ess-rv.de\/index.php?rest_route=%2Fwp%2Fv2%2Fcomments&post=1136"}],"version-history":[{"count":3,"href":"https:\/\/www.ess-rv.de\/index.php?rest_route=\/wp\/v2\/posts\/1136\/revisions"}],"predecessor-version":[{"id":1150,"href":"https:\/\/www.ess-rv.de\/index.php?rest_route=\/wp\/v2\/posts\/1136\/revisions\/1150"}],"wp:attachment":[{"href":"https:\/\/www.ess-rv.de\/index.php?rest_route=%2Fwp%2Fv2%2Fmedia&parent=1136"}],"wp:term":[{"taxonomy":"category","embeddable":true,"href":"https:\/\/www.ess-rv.de\/index.php?rest_route=%2Fwp%2Fv2%2Fcategories&post=1136"},{"taxonomy":"post_tag","embeddable":true,"href":"https:\/\/www.ess-rv.de\/index.php?rest_route=%2Fwp%2Fv2%2Ftags&post=1136"}],"curies":[{"name":"wp","href":"https:\/\/api.w.org\/{rel}","templated":true}]}}