{"id":1142,"date":"2013-12-09T13:00:43","date_gmt":"2013-12-09T12:00:43","guid":{"rendered":"http:\/\/www.ess-rv.de\/?p=1142"},"modified":"2015-03-17T13:03:35","modified_gmt":"2015-03-17T12:03:35","slug":"sprachreise-nach-brest","status":"publish","type":"post","link":"https:\/\/www.ess-rv.de\/?p=1142","title":{"rendered":"Sprachreise nach Brest"},"content":{"rendered":"<p><a href=\"http:\/\/www.ess-rv.de\/wp-content\/uploads\/2015\/03\/2013_12_09_13_08_45_Brest_2_0_1_3v.jpg\"><img loading=\"lazy\" decoding=\"async\" class=\"alignright size-medium wp-image-1061\" src=\"http:\/\/www.ess-rv.de\/wp-content\/uploads\/2015\/03\/2013_12_09_13_08_45_Brest_2_0_1_3v-300x164.jpg\" alt=\"Sprachreise nach Brest (Wei\u00dfrussland)\" width=\"300\" height=\"164\" \/><\/a>Dieses Jahr fuhren wieder Sch\u00fcler aus der Edith-Stein- und Humpis-Schule mit dem Zug gemeinsam vom 12.10 bis zum 20.10.13 in die wei\u00dfrussische Partnerstadt Brest. Dort lebten die Sch\u00fcler jeweils bei verschiedenen Gastfamilien. Tags\u00fcber gab es ein Programm, <!--more-->das von den Sch\u00fclern und Lehrern der Partnerschule organisiert wurde. Besucht wurden unter anderem der wei\u00dfrussische Nationalpark, die Brester Festung und das Schloss Neswisch. Abends trafen sich die Sch\u00fcler mit den Austauschsch\u00fclern f\u00fcr eigen organisierte Aktivit\u00e4ten. Nach einer unvergesslichen Woche ging es wieder zur\u00fcck nach Hause. Im April n\u00e4chsten Jahres kommen die wei\u00dfrussischen Austauschsch\u00fcler nach Ravensburg.<\/p>\n","protected":false},"excerpt":{"rendered":"<p>Dieses Jahr fuhren wieder Sch\u00fcler aus der Edith-Stein- und Humpis-Schule mit dem Zug gemeinsam vom 12.10 bis zum 20.10.13 in die wei\u00dfrussische Partnerstadt Brest. Dort lebten die Sch\u00fcler jeweils bei verschiedenen Gastfamilien. Tags\u00fcber gab es ein Programm,<\/p>\n","protected":false},"author":3,"featured_media":0,"comment_status":"closed","ping_status":"closed","sticky":false,"template":"","format":"standard","meta":{"footnotes":"","_links_to":"","_links_to_target":""},"categories":[18,96,29,2],"tags":[94,101,148,49,98,102],"class_list":["post-1142","post","type-post","status-publish","format-standard","hentry","category-ausserschulische-veranstaltung","category-austausch","category-berufliche-gymnasien","category-bildungsangebot","tag-2013-2014","tag-austausch","tag-berufliche-gymnasien","tag-ravensburg","tag-russisch","tag-weissrussland"],"_links":{"self":[{"href":"https:\/\/www.ess-rv.de\/index.php?rest_route=\/wp\/v2\/posts\/1142","targetHints":{"allow":["GET"]}}],"collection":[{"href":"https:\/\/www.ess-rv.de\/index.php?rest_route=\/wp\/v2\/posts"}],"about":[{"href":"https:\/\/www.ess-rv.de\/index.php?rest_route=\/wp\/v2\/types\/post"}],"author":[{"embeddable":true,"href":"https:\/\/www.ess-rv.de\/index.php?rest_route=\/wp\/v2\/users\/3"}],"replies":[{"embeddable":true,"href":"https:\/\/www.ess-rv.de\/index.php?rest_route=%2Fwp%2Fv2%2Fcomments&post=1142"}],"version-history":[{"count":2,"href":"https:\/\/www.ess-rv.de\/index.php?rest_route=\/wp\/v2\/posts\/1142\/revisions"}],"predecessor-version":[{"id":1144,"href":"https:\/\/www.ess-rv.de\/index.php?rest_route=\/wp\/v2\/posts\/1142\/revisions\/1144"}],"wp:attachment":[{"href":"https:\/\/www.ess-rv.de\/index.php?rest_route=%2Fwp%2Fv2%2Fmedia&parent=1142"}],"wp:term":[{"taxonomy":"category","embeddable":true,"href":"https:\/\/www.ess-rv.de\/index.php?rest_route=%2Fwp%2Fv2%2Fcategories&post=1142"},{"taxonomy":"post_tag","embeddable":true,"href":"https:\/\/www.ess-rv.de\/index.php?rest_route=%2Fwp%2Fv2%2Ftags&post=1142"}],"curies":[{"name":"wp","href":"https:\/\/api.w.org\/{rel}","templated":true}]}}