{"id":1218,"date":"2013-11-21T10:06:59","date_gmt":"2013-11-21T09:06:59","guid":{"rendered":"http:\/\/www.ess-rv.de\/?p=1218"},"modified":"2015-03-21T10:11:06","modified_gmt":"2015-03-21T09:11:06","slug":"besuch-aus-afghanistan","status":"publish","type":"post","link":"https:\/\/www.ess-rv.de\/?p=1218","title":{"rendered":"Besuch aus Afghanistan"},"content":{"rendered":"<p><a href=\"http:\/\/www.ess-rv.de\/wp-content\/uploads\/2015\/03\/2013_11_25_13_24_46_Wahidv.jpg\"><img loading=\"lazy\" decoding=\"async\" class=\"alignright wp-image-1059 size-thumbnail\" src=\"http:\/\/www.ess-rv.de\/wp-content\/uploads\/2015\/03\/2013_11_25_13_24_46_Wahidv-150x150.jpg\" alt=\" Wahid Akbarzada vom Verein Impuls Afghanistan e.V. berichtete im gut besuchten Vortrag von seiner Flucht aus Afghanistan.\" width=\"150\" height=\"150\" \/><\/a>Auf Einladung des UNESCO Schulkoordinators Roland Paul berichtete Wahid Akbarzada vom Verein Impuls Afghanistan e.V. im gut besuchten Vortrag von seiner Flucht aus Afghanistan und seinen Stationen, bis er letztendlich vor ca. 21 Jahren in Ravensburg angekommen war. In einem gro\u00dfen Teil seiner PowerPoint-Pr\u00e4sentation beleuchtete er die politischen Verh\u00e4ltnisse in Afghanistan und die daraus resultierenden aktuellen Probleme des Landes.<!--more--><\/p>\n<p>Im zweiten Teil seines sehr emotionalen Vortrages berichtete er von den vielf\u00e4ltigen Aufbauleistungen, die der Referent mit gro\u00dfen pers\u00f6nlichen Einsatz und zahlreichen Unterst\u00fctzern aus dem Landkreis Ravensburg und vor Ort in der Provinz Kunduz f\u00fcr die dortige Bev\u00f6lkerung hat durchf\u00fchren k\u00f6nnen. Neben einer Gesundheitsstation in Alchin sind dies mehrere erfolgreich durchgef\u00fchrte Schulprojekte sowie die Anschaffung von<br \/>\nSchulmaterial.<\/p>\n<p>Umrahmt wurde der Vortrag vom grandios aufspielenden Violinist Canija Iseni<\/p>\n","protected":false},"excerpt":{"rendered":"<p>Auf Einladung des UNESCO Schulkoordinators Roland Paul berichtete Wahid Akbarzada vom Verein Impuls Afghanistan e.V. im gut besuchten Vortrag von seiner Flucht aus Afghanistan und seinen Stationen, bis er letztendlich vor ca. 21 Jahren in Ravensburg angekommen war. In einem gro\u00dfen Teil seiner PowerPoint-Pr\u00e4sentation beleuchtete er die politischen Verh\u00e4ltnisse in Afghanistan und die daraus resultierenden &hellip; <a href=\"https:\/\/www.ess-rv.de\/?p=1218\" class=\"more-link\"><span class=\"screen-reader-text\">Besuch aus Afghanistan<\/span> weiterlesen <span class=\"meta-nav\">&rarr;<\/span><\/a><\/p>\n","protected":false},"author":3,"featured_media":0,"comment_status":"closed","ping_status":"closed","sticky":false,"template":"","format":"standard","meta":{"footnotes":"","_links_to":"","_links_to_target":""},"categories":[18,47,33,186],"tags":[94,50,67,184],"class_list":["post-1218","post","type-post","status-publish","format-standard","hentry","category-ausserschulische-veranstaltung","category-soziales-engagement","category-veranstaltung","category-vortrag","tag-2013-2014","tag-engagement","tag-projekt","tag-vortrag"],"_links":{"self":[{"href":"https:\/\/www.ess-rv.de\/index.php?rest_route=\/wp\/v2\/posts\/1218","targetHints":{"allow":["GET"]}}],"collection":[{"href":"https:\/\/www.ess-rv.de\/index.php?rest_route=\/wp\/v2\/posts"}],"about":[{"href":"https:\/\/www.ess-rv.de\/index.php?rest_route=\/wp\/v2\/types\/post"}],"author":[{"embeddable":true,"href":"https:\/\/www.ess-rv.de\/index.php?rest_route=\/wp\/v2\/users\/3"}],"replies":[{"embeddable":true,"href":"https:\/\/www.ess-rv.de\/index.php?rest_route=%2Fwp%2Fv2%2Fcomments&post=1218"}],"version-history":[{"count":2,"href":"https:\/\/www.ess-rv.de\/index.php?rest_route=\/wp\/v2\/posts\/1218\/revisions"}],"predecessor-version":[{"id":1220,"href":"https:\/\/www.ess-rv.de\/index.php?rest_route=\/wp\/v2\/posts\/1218\/revisions\/1220"}],"wp:attachment":[{"href":"https:\/\/www.ess-rv.de\/index.php?rest_route=%2Fwp%2Fv2%2Fmedia&parent=1218"}],"wp:term":[{"taxonomy":"category","embeddable":true,"href":"https:\/\/www.ess-rv.de\/index.php?rest_route=%2Fwp%2Fv2%2Fcategories&post=1218"},{"taxonomy":"post_tag","embeddable":true,"href":"https:\/\/www.ess-rv.de\/index.php?rest_route=%2Fwp%2Fv2%2Ftags&post=1218"}],"curies":[{"name":"wp","href":"https:\/\/api.w.org\/{rel}","templated":true}]}}