{"id":1224,"date":"2013-11-09T10:13:50","date_gmt":"2013-11-09T09:13:50","guid":{"rendered":"http:\/\/www.ess-rv.de\/?p=1224"},"modified":"2015-03-21T10:15:44","modified_gmt":"2015-03-21T09:15:44","slug":"rekordbeteiligung-und-rekordergebnis","status":"publish","type":"post","link":"https:\/\/www.ess-rv.de\/?p=1224","title":{"rendered":"Rekordbeteiligung und Rekordergebnis"},"content":{"rendered":"<p><a href=\"http:\/\/www.ess-rv.de\/wp-content\/uploads\/2015\/03\/2013_1109_KiReWa_Gruppenfoto_1.jpg\"><img loading=\"lazy\" decoding=\"async\" class=\"alignleft size-medium wp-image-1200\" src=\"http:\/\/www.ess-rv.de\/wp-content\/uploads\/2015\/03\/2013_1109_KiReWa_Gruppenfoto_1-300x225.jpg\" alt=\"Das Kinderregenwaldteam bei einer Spendensammlung auf dem Marienplatz\" width=\"300\" height=\"225\" srcset=\"https:\/\/www.ess-rv.de\/wp-content\/uploads\/2015\/03\/2013_1109_KiReWa_Gruppenfoto_1-300x225.jpg 300w, https:\/\/www.ess-rv.de\/wp-content\/uploads\/2015\/03\/2013_1109_KiReWa_Gruppenfoto_1.jpg 1024w\" sizes=\"auto, (max-width: 300px) 100vw, 300px\" \/><\/a>Zusammen mit \u00fcber 80 singenden und tanzenden \u201eKakadus\u201c sammelte das Kinderregenwald-Team der Edith-Stein-Schule am Samstag, 09. November 2013, Spendengelder auf dem Ravensburger Marienplatz. Dabei kamen ph\u00e4nomenale \u20ac 1.047,- f\u00fcr den Erhalt des tropischen Regenwalds zusammen. Ein gro\u00dfer Dank an alle Helfer aus den Oberstufenklassen in Ravensburg, Aulendorf und an die Sch\u00fclerInnen aus der 2BFH1\/1.<\/p>\n","protected":false},"excerpt":{"rendered":"<p>Zusammen mit \u00fcber 80 singenden und tanzenden \u201eKakadus\u201c sammelte das Kinderregenwald-Team der Edith-Stein-Schule am Samstag, 09. November 2013, Spendengelder auf dem Ravensburger Marienplatz. Dabei kamen ph\u00e4nomenale \u20ac 1.047,- f\u00fcr den Erhalt des tropischen Regenwalds zusammen. Ein gro\u00dfer Dank an alle Helfer aus den Oberstufenklassen in Ravensburg, Aulendorf und an die Sch\u00fclerInnen aus der 2BFH1\/1.<\/p>\n","protected":false},"author":3,"featured_media":0,"comment_status":"closed","ping_status":"closed","sticky":false,"template":"","format":"standard","meta":{"footnotes":"","_links_to":"","_links_to_target":""},"categories":[18,108],"tags":[94,50,49,137],"class_list":["post-1224","post","type-post","status-publish","format-standard","hentry","category-ausserschulische-veranstaltung","category-umweltschutz","tag-2013-2014","tag-engagement","tag-ravensburg","tag-umweltschutz"],"_links":{"self":[{"href":"https:\/\/www.ess-rv.de\/index.php?rest_route=\/wp\/v2\/posts\/1224","targetHints":{"allow":["GET"]}}],"collection":[{"href":"https:\/\/www.ess-rv.de\/index.php?rest_route=\/wp\/v2\/posts"}],"about":[{"href":"https:\/\/www.ess-rv.de\/index.php?rest_route=\/wp\/v2\/types\/post"}],"author":[{"embeddable":true,"href":"https:\/\/www.ess-rv.de\/index.php?rest_route=\/wp\/v2\/users\/3"}],"replies":[{"embeddable":true,"href":"https:\/\/www.ess-rv.de\/index.php?rest_route=%2Fwp%2Fv2%2Fcomments&post=1224"}],"version-history":[{"count":1,"href":"https:\/\/www.ess-rv.de\/index.php?rest_route=\/wp\/v2\/posts\/1224\/revisions"}],"predecessor-version":[{"id":1225,"href":"https:\/\/www.ess-rv.de\/index.php?rest_route=\/wp\/v2\/posts\/1224\/revisions\/1225"}],"wp:attachment":[{"href":"https:\/\/www.ess-rv.de\/index.php?rest_route=%2Fwp%2Fv2%2Fmedia&parent=1224"}],"wp:term":[{"taxonomy":"category","embeddable":true,"href":"https:\/\/www.ess-rv.de\/index.php?rest_route=%2Fwp%2Fv2%2Fcategories&post=1224"},{"taxonomy":"post_tag","embeddable":true,"href":"https:\/\/www.ess-rv.de\/index.php?rest_route=%2Fwp%2Fv2%2Ftags&post=1224"}],"curies":[{"name":"wp","href":"https:\/\/api.w.org\/{rel}","templated":true}]}}