{"id":1238,"date":"2013-07-18T10:35:31","date_gmt":"2013-07-18T09:35:31","guid":{"rendered":"http:\/\/www.ess-rv.de\/?p=1238"},"modified":"2015-03-21T10:38:27","modified_gmt":"2015-03-21T09:38:27","slug":"do-it-yourself","status":"publish","type":"post","link":"https:\/\/www.ess-rv.de\/?p=1238","title":{"rendered":"Do It Yourself"},"content":{"rendered":"<p><a href=\"http:\/\/www.ess-rv.de\/wp-content\/uploads\/2015\/03\/2013_07_15_10_40_14_Bildv.jpg\"><img loading=\"lazy\" decoding=\"async\" class=\"alignright size-medium wp-image-1045\" src=\"http:\/\/www.ess-rv.de\/wp-content\/uploads\/2015\/03\/2013_07_15_10_40_14_Bildv-300x199.jpg\" alt=\"Bild von links: Sarah Lange, Marina Steinle, Lisa Freier\" width=\"300\" height=\"199\" \/><\/a>Im Rahmen des Seminarkurses gestalteten drei Sch\u00fclerinnen des sozialwissenschaftlichen Gymnasiums Aulendorf, Marina Steinle, Sarah Lange und Lisa Freier, eine Ausstellung zum Thema Recycling und Upcycling. Die Ausstellung soll den Sch\u00fclerinnen und Sch\u00fclern aber auch den Lehrerinnen und Lehrern der Edith-Stein-Schule n\u00e4her bringen, was es mit Re- bzw. Upcycling auf sich hat und wie sich \u201eM\u00fcll\u201c leicht in ein modisches Alltagsst\u00fcck verwandeln l\u00e4sst. In der Ausstellung finden sich aus Abfall selbstgestaltete Artikel, die von Schmuck bis hin zum Sofa reichen. Von Donnerstag, den 04. Juli bis 18. Juli 2013 k\u00f6nnen die St\u00fccke im Verwaltungsbereich der Edith-Stein-Schule Ravensburg begutachtet werden.<\/p>\n","protected":false},"excerpt":{"rendered":"<p>Im Rahmen des Seminarkurses gestalteten drei Sch\u00fclerinnen des sozialwissenschaftlichen Gymnasiums Aulendorf, Marina Steinle, Sarah Lange und Lisa Freier, eine Ausstellung zum Thema Recycling und Upcycling. Die Ausstellung soll den Sch\u00fclerinnen und Sch\u00fclern aber auch den Lehrerinnen und Lehrern der Edith-Stein-Schule n\u00e4her bringen, was es mit Re- bzw. Upcycling auf sich hat und wie sich \u201eM\u00fcll\u201c &hellip; <a href=\"https:\/\/www.ess-rv.de\/?p=1238\" class=\"more-link\"><span class=\"screen-reader-text\">Do It Yourself<\/span> weiterlesen <span class=\"meta-nav\">&rarr;<\/span><\/a><\/p>\n","protected":false},"author":3,"featured_media":0,"comment_status":"closed","ping_status":"closed","sticky":false,"template":"","format":"standard","meta":{"footnotes":"","_links_to":"","_links_to_target":""},"categories":[194,29,2,33],"tags":[95,70,195,191],"class_list":["post-1238","post","type-post","status-publish","format-standard","hentry","category-ausstellung","category-berufliche-gymnasien","category-bildungsangebot","category-veranstaltung","tag-2012-2013","tag-aulendorf","tag-seminarkurs","tag-sg"],"_links":{"self":[{"href":"https:\/\/www.ess-rv.de\/index.php?rest_route=\/wp\/v2\/posts\/1238","targetHints":{"allow":["GET"]}}],"collection":[{"href":"https:\/\/www.ess-rv.de\/index.php?rest_route=\/wp\/v2\/posts"}],"about":[{"href":"https:\/\/www.ess-rv.de\/index.php?rest_route=\/wp\/v2\/types\/post"}],"author":[{"embeddable":true,"href":"https:\/\/www.ess-rv.de\/index.php?rest_route=\/wp\/v2\/users\/3"}],"replies":[{"embeddable":true,"href":"https:\/\/www.ess-rv.de\/index.php?rest_route=%2Fwp%2Fv2%2Fcomments&post=1238"}],"version-history":[{"count":1,"href":"https:\/\/www.ess-rv.de\/index.php?rest_route=\/wp\/v2\/posts\/1238\/revisions"}],"predecessor-version":[{"id":1239,"href":"https:\/\/www.ess-rv.de\/index.php?rest_route=\/wp\/v2\/posts\/1238\/revisions\/1239"}],"wp:attachment":[{"href":"https:\/\/www.ess-rv.de\/index.php?rest_route=%2Fwp%2Fv2%2Fmedia&parent=1238"}],"wp:term":[{"taxonomy":"category","embeddable":true,"href":"https:\/\/www.ess-rv.de\/index.php?rest_route=%2Fwp%2Fv2%2Fcategories&post=1238"},{"taxonomy":"post_tag","embeddable":true,"href":"https:\/\/www.ess-rv.de\/index.php?rest_route=%2Fwp%2Fv2%2Ftags&post=1238"}],"curies":[{"name":"wp","href":"https:\/\/api.w.org\/{rel}","templated":true}]}}