{"id":1424,"date":"2015-03-31T15:54:03","date_gmt":"2015-03-31T14:54:03","guid":{"rendered":"http:\/\/www.ess-rv.de\/?p=1424"},"modified":"2015-04-03T09:05:40","modified_gmt":"2015-04-03T08:05:40","slug":"landesnaturschutzpreis-fuer-das-kinderregenwaldteam","status":"publish","type":"post","link":"https:\/\/www.ess-rv.de\/?p=1424","title":{"rendered":"Landesnaturschutzpreis f\u00fcr das Kinderregenwaldteam"},"content":{"rendered":"<p><a href=\"http:\/\/www.ess-rv.de\/wp-content\/uploads\/2015\/03\/Landesnaturschutzpreis-Foto-von-Manfred-Walser.jpg\"><img loading=\"lazy\" decoding=\"async\" class=\"alignleft wp-image-1426 size-medium\" src=\"http:\/\/www.ess-rv.de\/wp-content\/uploads\/2015\/03\/Landesnaturschutzpreis-Foto-von-Manfred-Walser-300x225.jpg\" alt=\"Minister Alexander Bonde zeichnet das Kinderregenwaldteam der Edith-Stein-Schule mit dem Landesnaturschutzpreis 2015 aus (Foto von Manfred Walser)\" width=\"300\" height=\"225\" srcset=\"https:\/\/www.ess-rv.de\/wp-content\/uploads\/2015\/03\/Landesnaturschutzpreis-Foto-von-Manfred-Walser-300x225.jpg 300w, https:\/\/www.ess-rv.de\/wp-content\/uploads\/2015\/03\/Landesnaturschutzpreis-Foto-von-Manfred-Walser.jpg 1024w\" sizes=\"auto, (max-width: 300px) 100vw, 300px\" \/><\/a>Gemeinsam mit dem BUND Ravensburg erh\u00e4lt die Edith-Stein-Schule den diesj\u00e4hrigen Landesnaturschutzpreis. Geehrt wird das Engagement des Kinderregenwaldteams f\u00fcr den Erhalt der heimischen Streuobstwiesen.<\/p>\n<p>Die Stiftung Naturschutzfonds Baden-W\u00fcrttemberg verleiht alle zwei Jahre den Landesnaturschutzpreis. Der diesj\u00e4hrige Landesnaturschutzpreis steht unter dem Motto \u201eVielfalt in Streuobstwiesen \u2013 Wir machen mit!\u201c. Mit dem 17. Landesnaturschutzpreis zeichnet das Land Initiativen von B\u00fcrgerinnen und B\u00fcrgern aus, die sich f\u00fcr den Erhalt und die Pflege der Streuobstwiesen einsetzen.<!--more--><\/p>\n<p><a href=\"http:\/\/www.ess-rv.de\/wp-content\/uploads\/2015\/03\/Urkunde-Streuobstsaft.jpg\"><img loading=\"lazy\" decoding=\"async\" class=\"alignright size-thumbnail wp-image-1425\" src=\"http:\/\/www.ess-rv.de\/wp-content\/uploads\/2015\/03\/Urkunde-Streuobstsaft-150x150.jpg\" alt=\"Urkunde Streuobstsaft\" width=\"150\" height=\"150\" \/><\/a>\u201eMit dem diesj\u00e4hrigen Landesnaturschutzpreis w\u00fcrdigt die Stiftung Naturschutzfonds Baden-W\u00fcrttemberg das beispielhafte Engagement von Natursch\u00fctzerinnen und Natursch\u00fctzern zum Erhalt der Streuobstwiesen und zur Verbesserung der biologischen Vielfalt in diesem Lebensraum. Ich freue mich sehr, dass sich so viele Menschen in unserem Land f\u00fcr den Schutz der Streuobstwiesen einsetzen \u2013 beispielsweise in der Schule und im Kindergarten, in Keltereien sowie in Streuobstinitiativen und in Vereinen. Die heute ausgezeichneten Preistr\u00e4gerinnen und Preistr\u00e4ger haben eines gemeinsam: Ihnen allen liegt der Erhalt und der Schutz der faszinierenden Streuobst-wiesen in Baden-W\u00fcrttemberg sehr am Herzen\u201c, sagte Naturschutzminister Alexander Bonde am Samstag (28. M\u00e4rz) in Stuttgart. Bonde zeichnete als Vorsitzender der Stiftung Naturschutzfonds die Preistr\u00e4gerinnen und Preistr\u00e4ger mit dem Landesnaturschutzpreis aus.<\/p>\n<h2>Preistr\u00e4gerinnen und Preistr\u00e4ger aus ganz Baden-W\u00fcrttemberg<\/h2>\n<p>Die rund 130 eingegangenen Bewerbungen stellen laut Bonde eindrucksvoll unter Beweis, wie gro\u00df das b\u00fcrgerschaftliche Engagement in Sachen Streuobst im Land ist. \u201eIch freue mich sehr, dass es \u00fcber das ganze Land verteilt engagierte Menschen und vielf\u00e4ltige Aktivit\u00e4ten gibt, die dazu beitragen, diesen artenreichen Lebensraum zu erhalten. Europaweit finden wir in unserem Bundesland die fl\u00e4chenm\u00e4\u00dfig gr\u00f6\u00dften Best\u00e4nde an Streuobstwiesen. Mit rund 5.000 Tier- und Pflanzenarten z\u00e4hlen sie zu den artenreichsten Lebensr\u00e4umen in Mitteleuropa und sind wertvolles Gen-Reservoir f\u00fcr rund 3.000 Obstsorten. Streuobstwiesen sind au\u00dferdem touristisch attraktive Kulturlandschaften, die das baden-w\u00fcrttembergische Landschaftsbild pr\u00e4gen\u201c, machte der Minister deutlich.<\/p>\n<h2>Gr\u00fcn-rote Landesregierung honoriert Engagement f\u00fcr Streuobstwiesen<\/h2>\n<p>Bonde wies darauf hin, dass viele Streuobstwiesen heute akut bedroht seien. Ziel der Landesregierung sei es daher, die Streuobstwiesen im Land zu erhalten, deren Bewirtschaftung zu f\u00f6rdern und alle, die sich f\u00fcr den Schutz und Erhalt der Streuobst-wiesen stark machen, gezielt zu unterst\u00fctzen. \u201eMit der Streuobstkonzeption Baden-W\u00fcrttemberg b\u00fcndeln wir unsere Ma\u00dfnahmen f\u00fcr mehr Reichtum und Vielfalt der Streuobstlandschaft. Mit ihr zeigen wir au\u00dferdem die wesentlichen Handlungsfelder auf, die zum Erhalt der Streuobstwiesen beitragen \u2013 vom fachgerechten Baumschnitt bis zur Vermarktung\u201c, sagte Bonde. Abschlie\u00dfend dankte der Minister allen Preistr\u00e4gerinnen und Preistr\u00e4gern f\u00fcr ihr Engagement f\u00fcr die Streuobstwiesen in Baden-W\u00fcrttemberg.<\/p>\n<h3>Hintergrundinformationen:<\/h3>\n<p>Der 17. Landesnaturschutzpreis, der unter dem Motto \u201eVielfalt in Streuobstwiesen \u2013 Wir machen mit!\u201c steht, wird von der Stiftung Naturschutzfonds alle zwei Jahre vergeben. Er ist mit insgesamt 20.000 Euro dotiert. In der Regel wird das Preisgeld auf mehrere Preistr\u00e4gerinnen und Preistr\u00e4ger aufgeteilt. Im Dezember 2014 w\u00e4hlte der Stiftungsrat die nachfolgend genannten zwanzig Preistr\u00e4ger aus, die am 28. M\u00e4rz 2015 in Stuttgart ausgezeichnet wurden und jeweils 1.000 Euro Preisgeld erhalten.<\/p>\n<p>(Pressemitteilung des Ministeriums f\u00fcr l\u00e4ndlichen Raum und Verbraucherschutz, 28. M\u00e4rz 2015)<\/p>\n","protected":false},"excerpt":{"rendered":"<p>Gemeinsam mit dem BUND Ravensburg erh\u00e4lt die Edith-Stein-Schule den diesj\u00e4hrigen Landesnaturschutzpreis. Geehrt wird das Engagement des Kinderregenwaldteams f\u00fcr den Erhalt der heimischen Streuobstwiesen. Die Stiftung Naturschutzfonds Baden-W\u00fcrttemberg verleiht alle zwei Jahre den Landesnaturschutzpreis. Der diesj\u00e4hrige Landesnaturschutzpreis steht unter dem Motto \u201eVielfalt in Streuobstwiesen \u2013 Wir machen mit!\u201c. Mit dem 17. Landesnaturschutzpreis zeichnet das Land Initiativen &hellip; <a href=\"https:\/\/www.ess-rv.de\/?p=1424\" class=\"more-link\"><span class=\"screen-reader-text\">Landesnaturschutzpreis f\u00fcr das Kinderregenwaldteam<\/span> weiterlesen <span class=\"meta-nav\">&rarr;<\/span><\/a><\/p>\n","protected":false},"author":3,"featured_media":0,"comment_status":"closed","ping_status":"closed","sticky":false,"template":"","format":"standard","meta":{"footnotes":"","_links_to":"","_links_to_target":""},"categories":[18,109,2,152,108,53],"tags":[93,110,137,58],"class_list":["post-1424","post","type-post","status-publish","format-standard","hentry","category-ausserschulische-veranstaltung","category-baumpflanzung","category-bildungsangebot","category-ehrung","category-umweltschutz","category-wettbewerb","tag-2014-2015","tag-kinderregenwald","tag-umweltschutz","tag-wettbewerb"],"_links":{"self":[{"href":"https:\/\/www.ess-rv.de\/index.php?rest_route=\/wp\/v2\/posts\/1424","targetHints":{"allow":["GET"]}}],"collection":[{"href":"https:\/\/www.ess-rv.de\/index.php?rest_route=\/wp\/v2\/posts"}],"about":[{"href":"https:\/\/www.ess-rv.de\/index.php?rest_route=\/wp\/v2\/types\/post"}],"author":[{"embeddable":true,"href":"https:\/\/www.ess-rv.de\/index.php?rest_route=\/wp\/v2\/users\/3"}],"replies":[{"embeddable":true,"href":"https:\/\/www.ess-rv.de\/index.php?rest_route=%2Fwp%2Fv2%2Fcomments&post=1424"}],"version-history":[{"count":3,"href":"https:\/\/www.ess-rv.de\/index.php?rest_route=\/wp\/v2\/posts\/1424\/revisions"}],"predecessor-version":[{"id":1430,"href":"https:\/\/www.ess-rv.de\/index.php?rest_route=\/wp\/v2\/posts\/1424\/revisions\/1430"}],"wp:attachment":[{"href":"https:\/\/www.ess-rv.de\/index.php?rest_route=%2Fwp%2Fv2%2Fmedia&parent=1424"}],"wp:term":[{"taxonomy":"category","embeddable":true,"href":"https:\/\/www.ess-rv.de\/index.php?rest_route=%2Fwp%2Fv2%2Fcategories&post=1424"},{"taxonomy":"post_tag","embeddable":true,"href":"https:\/\/www.ess-rv.de\/index.php?rest_route=%2Fwp%2Fv2%2Ftags&post=1424"}],"curies":[{"name":"wp","href":"https:\/\/api.w.org\/{rel}","templated":true}]}}