{"id":1431,"date":"2014-10-20T08:52:30","date_gmt":"2014-10-20T07:52:30","guid":{"rendered":"http:\/\/www.ess-rv.de\/?p=1431"},"modified":"2015-04-03T09:36:53","modified_gmt":"2015-04-03T08:36:53","slug":"deutschland-fuer-anfaenger","status":"publish","type":"post","link":"https:\/\/www.ess-rv.de\/?p=1431","title":{"rendered":"Deutschland f\u00fcr Anf\u00e4nger"},"content":{"rendered":"<p><img loading=\"lazy\" decoding=\"async\" class=\"aligncenter size-full wp-image-1432\" src=\"http:\/\/www.ess-rv.de\/wp-content\/uploads\/2015\/04\/deutschlandfueranfaenger.jpg\" alt=\"Deutschland f\u00fcr Anf\u00e4nger - Die Ausstellung\" width=\"985\" height=\"176\" srcset=\"https:\/\/www.ess-rv.de\/wp-content\/uploads\/2015\/04\/deutschlandfueranfaenger.jpg 985w, https:\/\/www.ess-rv.de\/wp-content\/uploads\/2015\/04\/deutschlandfueranfaenger-300x54.jpg 300w\" sizes=\"auto, (max-width: 985px) 100vw, 985px\" \/>Die Wanderausstellung &#8222;Deutschland f\u00fcr Anf\u00e4nger&#8220; der <a href=\"http:\/\/www.bpb.de\" target=\"_blank\">Bundeszentrale f\u00fcr politische Bildung <\/a>wird noch bis 7. November in der Edith-Stein-Schule, St. Martinus-Str. 77, 88212 Ravensburg p\u00e4sentiert.<\/p>\n<p>Anhand des Alphabets bildet die Ausstellung mal unterhaltsam, mal ernst, mal selbstironisch deutsche Lebens wirklichkeit ab und vermittelt ein St\u00fcck deutsche Identit\u00e4t. Von A wie Arbeit, \u00fcber C wie Currywurst und F wie Fu\u00dfball bis Z wie Zukunft bildet sie deutsche Lebenswirklichkeit ab und stellt Selbst- und Fremdbilder in Frage.<!--more--><\/p>\n<p>Aus Hunderten einzelner Informationen kann der Besucher sein ganz pers\u00f6nliches Deutschlandbild zusammen setzen. Ein eigener Teil, der \u00fcber die &#8222;harten&#8220; Fakten aus Geschichte, Politik und Kultur der Bundesrepublik Deutschland informiert, f\u00fchrt in die Ausstellung ein.<\/p>\n<p>Die Austellung bietet dem Besucher zahlreiche Interaktionsm\u00f6glichkeiten. An einer Pinnwand unter der Rubrik I (wie Idol) kann beispielsweise das ganz pers\u00f6nliche Vorbild auf einen Zettel verewigt werden. Oder man stimmt \u00fcber einen Monitor unter der Rubrik F (wie Fu\u00dfball) ab, ob die legend\u00e4re Entscheidung um das Wembley-Tor berechtigt war oder nicht.<\/p>\n<p>Die Ausstellung wird vom Amt f\u00fcr Soziales und Familie noch bis 7. November pr\u00e4sentiert und kann an Schultagen von Montag bis Freitag von 7:30\u201317:00 Uhr in der Edith-Stein-Schule besucht werden.<\/p>\n<p>Martin Diez (Pressemitteilung der Stadt Ravensburg vom 18.10.2014)<\/p>\n<p><a href=\"http:\/\/www.ess-rv.de\/wp-content\/uploads\/2014\/10\/Dokumentationsbericht-DfA-Ravensburg.pdf\">Dokumentationsbericht Deutschland f\u00fcr Anf\u00e4nger in Ravensburg<\/a><\/p>\n<p>Bilder der Exponate finden Sie unter\u00a0<a href=\"http:\/\/www.bpb.de\/68343\/deutschland-fuer-anfaenger\" target=\"_blank\">http:\/\/www.bpb.de\/68343\/deutschland-fuer-anfaenger <\/a><\/p>\n","protected":false},"excerpt":{"rendered":"<p>Die Wanderausstellung &#8222;Deutschland f\u00fcr Anf\u00e4nger&#8220; der Bundeszentrale f\u00fcr politische Bildung wird noch bis 7. November in der Edith-Stein-Schule, St. Martinus-Str. 77, 88212 Ravensburg p\u00e4sentiert. Anhand des Alphabets bildet die Ausstellung mal unterhaltsam, mal ernst, mal selbstironisch deutsche Lebens wirklichkeit ab und vermittelt ein St\u00fcck deutsche Identit\u00e4t. Von A wie Arbeit, \u00fcber C wie Currywurst und &hellip; <a href=\"https:\/\/www.ess-rv.de\/?p=1431\" class=\"more-link\"><span class=\"screen-reader-text\">Deutschland f\u00fcr Anf\u00e4nger<\/span> weiterlesen <span class=\"meta-nav\">&rarr;<\/span><\/a><\/p>\n","protected":false},"author":3,"featured_media":0,"comment_status":"closed","ping_status":"closed","sticky":false,"template":"","format":"standard","meta":{"footnotes":"","_links_to":"","_links_to_target":""},"categories":[18,194,2,106,47,198,33],"tags":[206,50,49],"class_list":["post-1431","post","type-post","status-publish","format-standard","hentry","category-ausserschulische-veranstaltung","category-ausstellung","category-bildungsangebot","category-kunst","category-soziales-engagement","category-standort-ravensburg","category-veranstaltung","tag-ausstellung","tag-engagement","tag-ravensburg"],"_links":{"self":[{"href":"https:\/\/www.ess-rv.de\/index.php?rest_route=\/wp\/v2\/posts\/1431","targetHints":{"allow":["GET"]}}],"collection":[{"href":"https:\/\/www.ess-rv.de\/index.php?rest_route=\/wp\/v2\/posts"}],"about":[{"href":"https:\/\/www.ess-rv.de\/index.php?rest_route=\/wp\/v2\/types\/post"}],"author":[{"embeddable":true,"href":"https:\/\/www.ess-rv.de\/index.php?rest_route=\/wp\/v2\/users\/3"}],"replies":[{"embeddable":true,"href":"https:\/\/www.ess-rv.de\/index.php?rest_route=%2Fwp%2Fv2%2Fcomments&post=1431"}],"version-history":[{"count":4,"href":"https:\/\/www.ess-rv.de\/index.php?rest_route=\/wp\/v2\/posts\/1431\/revisions"}],"predecessor-version":[{"id":1437,"href":"https:\/\/www.ess-rv.de\/index.php?rest_route=\/wp\/v2\/posts\/1431\/revisions\/1437"}],"wp:attachment":[{"href":"https:\/\/www.ess-rv.de\/index.php?rest_route=%2Fwp%2Fv2%2Fmedia&parent=1431"}],"wp:term":[{"taxonomy":"category","embeddable":true,"href":"https:\/\/www.ess-rv.de\/index.php?rest_route=%2Fwp%2Fv2%2Fcategories&post=1431"},{"taxonomy":"post_tag","embeddable":true,"href":"https:\/\/www.ess-rv.de\/index.php?rest_route=%2Fwp%2Fv2%2Ftags&post=1431"}],"curies":[{"name":"wp","href":"https:\/\/api.w.org\/{rel}","templated":true}]}}