{"id":1743,"date":"2015-04-28T10:15:28","date_gmt":"2015-04-28T09:15:28","guid":{"rendered":"http:\/\/www.ess-rv.de\/?p=1743"},"modified":"2015-04-29T12:18:36","modified_gmt":"2015-04-29T11:18:36","slug":"grundschueler-und-berufsschueler-arbeiten-gemeinsam-an-der-zahngesundheit","status":"publish","type":"post","link":"https:\/\/www.ess-rv.de\/?p=1743","title":{"rendered":"Grundsch\u00fcler und Berufssch\u00fcler arbeiten gemeinsam an der Zahngesundheit"},"content":{"rendered":"<p><img loading=\"lazy\" decoding=\"async\" class=\"alignleft size-medium wp-image-1744\" src=\"http:\/\/www.ess-rv.de\/wp-content\/uploads\/2015\/04\/asfadfg-300x237.jpg\" alt=\"Eine Sch\u00fclerin der Berufsschule erkl\u00e4rt den Grundsch\u00fclern, dass  S\u00e4ure eine \u00e4hnliche Wirkung auf die Z\u00e4hne hat, wie auf die Kalkschale eines Eies.\" width=\"300\" height=\"237\" srcset=\"https:\/\/www.ess-rv.de\/wp-content\/uploads\/2015\/04\/asfadfg-300x237.jpg 300w, https:\/\/www.ess-rv.de\/wp-content\/uploads\/2015\/04\/asfadfg.jpg 762w\" sizes=\"auto, (max-width: 300px) 100vw, 300px\" \/>Auch in diesem Schuljahr waren Grundsch\u00fcler der Klassen 3a und 3c zu Gast an der Edith-Stein-Schule Ravensburg\/Aulendorf. Gemeinsam mit Sch\u00fclerinnen der Berufsschule f\u00fcr Zahnmedizinische Fachangestellte besch\u00e4ftigten sich die Grundsch\u00fcler mit der Zahngesundheit. F\u00fcr dieses gemeinsame Projekt bereiteten die angehenden Zahnmedizinischen Fachangestellten Themen rund um die Zahngesundheit vor. So konnten die Neun- bis Zehnj\u00e4hrigen <!--more-->erfahren, an welchen Stellen im Gebiss bevorzugt Karies entsteht oder auf welche Weise Z\u00e4hne gesch\u00fctzt werden k\u00f6nnen. Auch eine praktische Anleitung zum richtigen Putzen der Z\u00e4hne und ein zahngesundes Fr\u00fchst\u00fcck standen auf dem Programm. Die beteiligten Kolleginnen (Frau Schmelcher und Frau Scharfenort von der Grundschule, Frau Dr. Bohr, Frau Dr. Luther-Kirner und Herr Dr. Schmid von der Berufsschule) waren sehr erfreut \u00fcber das gute Miteinander der Grund- und Berufssch\u00fcler. Das Projekt soll deshalb auch im kommenden Jahr wiederholt werden.<\/p>\n","protected":false},"excerpt":{"rendered":"<p>Auch in diesem Schuljahr waren Grundsch\u00fcler der Klassen 3a und 3c zu Gast an der Edith-Stein-Schule Ravensburg\/Aulendorf. Gemeinsam mit Sch\u00fclerinnen der Berufsschule f\u00fcr Zahnmedizinische Fachangestellte besch\u00e4ftigten sich die Grundsch\u00fcler mit der Zahngesundheit. F\u00fcr dieses gemeinsame Projekt bereiteten die angehenden Zahnmedizinischen Fachangestellten Themen rund um die Zahngesundheit vor. So konnten die Neun- bis Zehnj\u00e4hrigen<\/p>\n","protected":false},"author":3,"featured_media":0,"comment_status":"closed","ping_status":"closed","sticky":false,"template":"","format":"standard","meta":{"footnotes":"","_links_to":"","_links_to_target":""},"categories":[18,40,2,197,219],"tags":[93,70,52],"class_list":["post-1743","post","type-post","status-publish","format-standard","hentry","category-ausserschulische-veranstaltung","category-berufsschule","category-bildungsangebot","category-standort-aulendorf","category-zf","tag-2014-2015","tag-aulendorf","tag-kooperation"],"_links":{"self":[{"href":"https:\/\/www.ess-rv.de\/index.php?rest_route=\/wp\/v2\/posts\/1743","targetHints":{"allow":["GET"]}}],"collection":[{"href":"https:\/\/www.ess-rv.de\/index.php?rest_route=\/wp\/v2\/posts"}],"about":[{"href":"https:\/\/www.ess-rv.de\/index.php?rest_route=\/wp\/v2\/types\/post"}],"author":[{"embeddable":true,"href":"https:\/\/www.ess-rv.de\/index.php?rest_route=\/wp\/v2\/users\/3"}],"replies":[{"embeddable":true,"href":"https:\/\/www.ess-rv.de\/index.php?rest_route=%2Fwp%2Fv2%2Fcomments&post=1743"}],"version-history":[{"count":2,"href":"https:\/\/www.ess-rv.de\/index.php?rest_route=\/wp\/v2\/posts\/1743\/revisions"}],"predecessor-version":[{"id":1746,"href":"https:\/\/www.ess-rv.de\/index.php?rest_route=\/wp\/v2\/posts\/1743\/revisions\/1746"}],"wp:attachment":[{"href":"https:\/\/www.ess-rv.de\/index.php?rest_route=%2Fwp%2Fv2%2Fmedia&parent=1743"}],"wp:term":[{"taxonomy":"category","embeddable":true,"href":"https:\/\/www.ess-rv.de\/index.php?rest_route=%2Fwp%2Fv2%2Fcategories&post=1743"},{"taxonomy":"post_tag","embeddable":true,"href":"https:\/\/www.ess-rv.de\/index.php?rest_route=%2Fwp%2Fv2%2Ftags&post=1743"}],"curies":[{"name":"wp","href":"https:\/\/api.w.org\/{rel}","templated":true}]}}