{"id":1791,"date":"2015-05-18T06:42:09","date_gmt":"2015-05-18T05:42:09","guid":{"rendered":"http:\/\/www.ess-rv.de\/?p=1791"},"modified":"2015-05-18T06:45:44","modified_gmt":"2015-05-18T05:45:44","slug":"pka-und-zf-informieren-ueber-zahn-und-mundhygiene","status":"publish","type":"post","link":"https:\/\/www.ess-rv.de\/?p=1791","title":{"rendered":"PKA und ZF informieren \u00fcber Mundhygiene"},"content":{"rendered":"<p><a href=\"http:\/\/www.ess-rv.de\/wp-content\/uploads\/2015\/05\/Projekt-ZFA-2015.jpg\"><img loading=\"lazy\" decoding=\"async\" class=\"alignleft size-medium wp-image-1792\" src=\"http:\/\/www.ess-rv.de\/wp-content\/uploads\/2015\/05\/Projekt-ZFA-2015-298x300.jpg\" alt=\"Projekt PKA und ZF 2015\" width=\"298\" height=\"300\" srcset=\"https:\/\/www.ess-rv.de\/wp-content\/uploads\/2015\/05\/Projekt-ZFA-2015-298x300.jpg 298w, https:\/\/www.ess-rv.de\/wp-content\/uploads\/2015\/05\/Projekt-ZFA-2015-180x180.jpg 180w, https:\/\/www.ess-rv.de\/wp-content\/uploads\/2015\/05\/Projekt-ZFA-2015-1018x1024.jpg 1018w, https:\/\/www.ess-rv.de\/wp-content\/uploads\/2015\/05\/Projekt-ZFA-2015.jpg 1024w\" sizes=\"auto, (max-width: 298px) 100vw, 298px\" \/><\/a>Warum kann man eigentlich Elmex Gelee nur in einer Apotheke kaufen? Elmex Zahnpasta hingegen gibt es \u00fcberall. Und warum macht es eigentlich Sinn, zus\u00e4tzlich zur Zahnb\u00fcrste auch noch die teure Zahnseide anzuwenden? Und dann noch die allt\u00e4gliche Frage in der Apotheke und in der Zahnarztpraxis: Welche Zahnb\u00fcrste ist denn f\u00fcr mich die beste?<\/p>\n<p>Solche und \u00e4hnliche Fragestellungen haben Berufssch\u00fclerinnen des<!--more--> zweiten Ausbildungsjahres zur Zahnmedizinischen Fachangestellten mit zwei Klassen der angehenden pharmazeutisch kaufm\u00e4nnischen Angestellten der Edith-Stein-Schule Ravensburg\/Aussenstelle Aulendorf in einem gemeinsamen zahn-und mundhygienischen Projekt mit vielen Sachinformationen, reichlich Anschauungsmaterialien und noch mehr Spa\u00df an der Sache realisiert. In sechs Stationen erfuhren die PKAs so einiges zum Thema Zahnaufbau, Kariesentstehung und individualprophylaktischen Ans\u00e4tzen. Kompetent, bestens vorbereitet und humorvoll ging es in sechs mal 30 Minuten dann im Wesentlichen darum, zahnmedizinische Inhalte mit pharmazeutisch relevanten \u00dcberlegungen in Einklang zu bringen\u2026 nicht immer ganz einfach\u2026 aber der beobachtbare rege Informationsaustausch der beiden Berufsgruppen hat gezeigt, dass dieses Projekt nicht nur f\u00fcr Abwechslung in der Ausbildung sondern auch f\u00fcr so manchen Einblick in die Sichtweise auf und in den Mund unserer eigentlich gemeinsamen Patienten gesorgt hat. Kurzum: Ein gelungenes Projekt<\/p>\n","protected":false},"excerpt":{"rendered":"<p>Warum kann man eigentlich Elmex Gelee nur in einer Apotheke kaufen? Elmex Zahnpasta hingegen gibt es \u00fcberall. Und warum macht es eigentlich Sinn, zus\u00e4tzlich zur Zahnb\u00fcrste auch noch die teure Zahnseide anzuwenden? Und dann noch die allt\u00e4gliche Frage in der Apotheke und in der Zahnarztpraxis: Welche Zahnb\u00fcrste ist denn f\u00fcr mich die beste? Solche und &hellip; <a href=\"https:\/\/www.ess-rv.de\/?p=1791\" class=\"more-link\"><span class=\"screen-reader-text\">PKA und ZF informieren \u00fcber Mundhygiene<\/span> weiterlesen <span class=\"meta-nav\">&rarr;<\/span><\/a><\/p>\n","protected":false},"author":3,"featured_media":0,"comment_status":"closed","ping_status":"closed","sticky":false,"template":"","format":"standard","meta":{"footnotes":"","_links_to":"","_links_to_target":""},"categories":[40,2,227,197,219],"tags":[93,70,54],"class_list":["post-1791","post","type-post","status-publish","format-standard","hentry","category-berufsschule","category-bildungsangebot","category-pka","category-standort-aulendorf","category-zf","tag-2014-2015","tag-aulendorf","tag-berufsschule"],"_links":{"self":[{"href":"https:\/\/www.ess-rv.de\/index.php?rest_route=\/wp\/v2\/posts\/1791","targetHints":{"allow":["GET"]}}],"collection":[{"href":"https:\/\/www.ess-rv.de\/index.php?rest_route=\/wp\/v2\/posts"}],"about":[{"href":"https:\/\/www.ess-rv.de\/index.php?rest_route=\/wp\/v2\/types\/post"}],"author":[{"embeddable":true,"href":"https:\/\/www.ess-rv.de\/index.php?rest_route=\/wp\/v2\/users\/3"}],"replies":[{"embeddable":true,"href":"https:\/\/www.ess-rv.de\/index.php?rest_route=%2Fwp%2Fv2%2Fcomments&post=1791"}],"version-history":[{"count":3,"href":"https:\/\/www.ess-rv.de\/index.php?rest_route=\/wp\/v2\/posts\/1791\/revisions"}],"predecessor-version":[{"id":1795,"href":"https:\/\/www.ess-rv.de\/index.php?rest_route=\/wp\/v2\/posts\/1791\/revisions\/1795"}],"wp:attachment":[{"href":"https:\/\/www.ess-rv.de\/index.php?rest_route=%2Fwp%2Fv2%2Fmedia&parent=1791"}],"wp:term":[{"taxonomy":"category","embeddable":true,"href":"https:\/\/www.ess-rv.de\/index.php?rest_route=%2Fwp%2Fv2%2Fcategories&post=1791"},{"taxonomy":"post_tag","embeddable":true,"href":"https:\/\/www.ess-rv.de\/index.php?rest_route=%2Fwp%2Fv2%2Ftags&post=1791"}],"curies":[{"name":"wp","href":"https:\/\/api.w.org\/{rel}","templated":true}]}}