{"id":1837,"date":"2015-05-22T11:34:26","date_gmt":"2015-05-22T10:34:26","guid":{"rendered":"http:\/\/www.ess-rv.de\/?p=1837"},"modified":"2015-06-08T13:13:18","modified_gmt":"2015-06-08T12:13:18","slug":"die-klassen-1bkp-und-vabo2-stellen-sich-vor","status":"publish","type":"post","link":"https:\/\/www.ess-rv.de\/?p=1837","title":{"rendered":"Die Klassen 1BKP und VABO2 stellen sich vor"},"content":{"rendered":"<p>Bei einem gemeinsamen Projekt lernten sich die Klassen 1BKP und VAB O2 mit Migrationssch\u00fclern kennen. Nach mehreren Vorbereitungstreffen stellten aus beiden Klassen gemischte Gruppen ihre Ergebnisse vor. Das war zuerst ein Vergleich der Schulsysteme in Makedonien, Syrien und den USA. Sodann wurden Hauptst\u00e4dte sowie die L\u00e4nder Eritrea und Kosovo in Landesnatur und Kultur vorgestellt. Es folgten Darstellungen zur Geschichte der italienischen Pizza. Am Ende <!--more-->standen eine Darbietung von Trommelmusik aus Gambia und die Verkostung internationaler Speisen. Die Kooperation vertiefte ein gegenseitiges Verst\u00e4ndnis und ebnete den Weg zur Inklusion der ausl\u00e4ndischen Mitsch\u00fcler in die Schulgemeinschaft.<\/p>\n<div id='gallery-1' class='gallery galleryid-1837 gallery-columns-3 gallery-size-thumbnail'><figure class='gallery-item'>\n\t\t\t<div class='gallery-icon landscape'>\n\t\t\t\t<a href='https:\/\/www.ess-rv.de\/wp-content\/uploads\/2015\/05\/DSCF2866.jpg'><img loading=\"lazy\" decoding=\"async\" width=\"180\" height=\"180\" src=\"https:\/\/www.ess-rv.de\/wp-content\/uploads\/2015\/05\/DSCF2866-180x180.jpg\" class=\"attachment-thumbnail size-thumbnail\" alt=\"\" \/><\/a>\n\t\t\t<\/div><\/figure><figure class='gallery-item'>\n\t\t\t<div class='gallery-icon landscape'>\n\t\t\t\t<a href='https:\/\/www.ess-rv.de\/wp-content\/uploads\/2015\/05\/DSCF2783.jpg'><img loading=\"lazy\" decoding=\"async\" width=\"180\" height=\"180\" src=\"https:\/\/www.ess-rv.de\/wp-content\/uploads\/2015\/05\/DSCF2783-180x180.jpg\" class=\"attachment-thumbnail size-thumbnail\" alt=\"\" \/><\/a>\n\t\t\t<\/div><\/figure><figure class='gallery-item'>\n\t\t\t<div class='gallery-icon landscape'>\n\t\t\t\t<a href='https:\/\/www.ess-rv.de\/wp-content\/uploads\/2015\/05\/DSCF2788.jpg'><img loading=\"lazy\" decoding=\"async\" width=\"180\" height=\"180\" src=\"https:\/\/www.ess-rv.de\/wp-content\/uploads\/2015\/05\/DSCF2788-180x180.jpg\" class=\"attachment-thumbnail size-thumbnail\" alt=\"\" \/><\/a>\n\t\t\t<\/div><\/figure><figure class='gallery-item'>\n\t\t\t<div class='gallery-icon landscape'>\n\t\t\t\t<a href='https:\/\/www.ess-rv.de\/wp-content\/uploads\/2015\/05\/DSCF2798.jpg'><img loading=\"lazy\" decoding=\"async\" width=\"180\" height=\"180\" src=\"https:\/\/www.ess-rv.de\/wp-content\/uploads\/2015\/05\/DSCF2798-180x180.jpg\" class=\"attachment-thumbnail size-thumbnail\" alt=\"\" \/><\/a>\n\t\t\t<\/div><\/figure><figure class='gallery-item'>\n\t\t\t<div class='gallery-icon landscape'>\n\t\t\t\t<a href='https:\/\/www.ess-rv.de\/wp-content\/uploads\/2015\/05\/DSCF2832.jpg'><img loading=\"lazy\" decoding=\"async\" width=\"180\" height=\"180\" src=\"https:\/\/www.ess-rv.de\/wp-content\/uploads\/2015\/05\/DSCF2832-180x180.jpg\" class=\"attachment-thumbnail size-thumbnail\" alt=\"\" \/><\/a>\n\t\t\t<\/div><\/figure><figure class='gallery-item'>\n\t\t\t<div class='gallery-icon landscape'>\n\t\t\t\t<a href='https:\/\/www.ess-rv.de\/wp-content\/uploads\/2015\/05\/DSCF2822.jpg'><img loading=\"lazy\" decoding=\"async\" width=\"180\" height=\"180\" src=\"https:\/\/www.ess-rv.de\/wp-content\/uploads\/2015\/05\/DSCF2822-180x180.jpg\" class=\"attachment-thumbnail size-thumbnail\" alt=\"\" \/><\/a>\n\t\t\t<\/div><\/figure>\n\t\t<\/div>\n\n","protected":false},"excerpt":{"rendered":"<p>Bei einem gemeinsamen Projekt lernten sich die Klassen 1BKP und VAB O2 mit Migrationssch\u00fclern kennen. Nach mehreren Vorbereitungstreffen stellten aus beiden Klassen gemischte Gruppen ihre Ergebnisse vor. Das war zuerst ein Vergleich der Schulsysteme in Makedonien, Syrien und den USA. Sodann wurden Hauptst\u00e4dte sowie die L\u00e4nder Eritrea und Kosovo in Landesnatur und Kultur vorgestellt. Es &hellip; <a href=\"https:\/\/www.ess-rv.de\/?p=1837\" class=\"more-link\"><span class=\"screen-reader-text\">Die Klassen 1BKP und VABO2 stellen sich vor<\/span> weiterlesen <span class=\"meta-nav\">&rarr;<\/span><\/a><\/p>\n","protected":false},"author":3,"featured_media":0,"comment_status":"closed","ping_status":"closed","sticky":false,"template":"","format":"standard","meta":{"footnotes":"","_links_to":"","_links_to_target":""},"categories":[232,18,7,2,198,89,33],"tags":[82,93,52,39],"class_list":["post-1837","post","type-post","status-publish","format-standard","hentry","category-1bkp","category-ausserschulische-veranstaltung","category-berufskolleg","category-bildungsangebot","category-standort-ravensburg","category-vabo","category-veranstaltung","tag-1bkp","tag-2014-2015","tag-kooperation","tag-vabo"],"_links":{"self":[{"href":"https:\/\/www.ess-rv.de\/index.php?rest_route=\/wp\/v2\/posts\/1837","targetHints":{"allow":["GET"]}}],"collection":[{"href":"https:\/\/www.ess-rv.de\/index.php?rest_route=\/wp\/v2\/posts"}],"about":[{"href":"https:\/\/www.ess-rv.de\/index.php?rest_route=\/wp\/v2\/types\/post"}],"author":[{"embeddable":true,"href":"https:\/\/www.ess-rv.de\/index.php?rest_route=\/wp\/v2\/users\/3"}],"replies":[{"embeddable":true,"href":"https:\/\/www.ess-rv.de\/index.php?rest_route=%2Fwp%2Fv2%2Fcomments&post=1837"}],"version-history":[{"count":4,"href":"https:\/\/www.ess-rv.de\/index.php?rest_route=\/wp\/v2\/posts\/1837\/revisions"}],"predecessor-version":[{"id":1848,"href":"https:\/\/www.ess-rv.de\/index.php?rest_route=\/wp\/v2\/posts\/1837\/revisions\/1848"}],"wp:attachment":[{"href":"https:\/\/www.ess-rv.de\/index.php?rest_route=%2Fwp%2Fv2%2Fmedia&parent=1837"}],"wp:term":[{"taxonomy":"category","embeddable":true,"href":"https:\/\/www.ess-rv.de\/index.php?rest_route=%2Fwp%2Fv2%2Fcategories&post=1837"},{"taxonomy":"post_tag","embeddable":true,"href":"https:\/\/www.ess-rv.de\/index.php?rest_route=%2Fwp%2Fv2%2Ftags&post=1837"}],"curies":[{"name":"wp","href":"https:\/\/api.w.org\/{rel}","templated":true}]}}