{"id":1849,"date":"2015-06-11T08:31:07","date_gmt":"2015-06-11T07:31:07","guid":{"rendered":"http:\/\/www.ess-rv.de\/?p=1849"},"modified":"2015-06-11T08:33:16","modified_gmt":"2015-06-11T07:33:16","slug":"schueler-des-vab-o2-besuchen-das-unesco-schuelerseminar","status":"publish","type":"post","link":"https:\/\/www.ess-rv.de\/?p=1849","title":{"rendered":"Sch\u00fcler auf dem UNESCO-Sch\u00fclerseminar"},"content":{"rendered":"<p><a href=\"http:\/\/www.ess-rv.de\/wp-content\/uploads\/2015\/06\/ess3.jpg\"><img loading=\"lazy\" decoding=\"async\" class=\"alignleft wp-image-1850 size-medium\" src=\"http:\/\/www.ess-rv.de\/wp-content\/uploads\/2015\/06\/ess3-300x225.jpg\" alt=\"Sch\u00fcler des VAB O2 besuchen das UNESCO-Sch\u00fclerseminar zur Fl\u00fcchtlings- und Asylpolitik Europas.\" width=\"300\" height=\"225\" srcset=\"https:\/\/www.ess-rv.de\/wp-content\/uploads\/2015\/06\/ess3-300x225.jpg 300w, https:\/\/www.ess-rv.de\/wp-content\/uploads\/2015\/06\/ess3.jpg 1024w\" sizes=\"auto, (max-width: 300px) 100vw, 300px\" \/><\/a>Kushtrim Berisha und Jalibamba Suso vom VAB O2 informierten sich auf dem UNESCO Sch\u00fclerInnenseminar in Bad Urach \u00fcber die Asyl- und Fl\u00fcchtlingspolitik in Europa unter der Leitung von Marlies Raub von der UNESCO Projektschule Emmendingen. In einem ersten Themenkomplex ging es um die Ursachen f\u00fcr<!--more--> Flucht und Vertreibung im globalen Ma\u00dfstab. Anschlie\u00dfend fokussierte man sich auf Ambivalenz der Abschottungspolitik in der \u201eFestung Europa\u201c einerseits der deutschen Willkommenskultur andererseits, um anschlie\u00dfend die kommunalpolitischen Herausforderungen zu untersuchen. Am Ende stand ein Planspiel und die Sammlung von Vorschl\u00e4gen zur Sensibilisierung im Umgang mit der Fl\u00fcchtlingsproblematik auf dem Programm. Mit vielen interessanten Eindr\u00fccken und Begeisterung \u00fcber das Angebot und die M\u00f6glichkeiten des gegenseitigen Austausches kehrten die Sch\u00fcler zur\u00fcck.<\/p>\n","protected":false},"excerpt":{"rendered":"<p>Kushtrim Berisha und Jalibamba Suso vom VAB O2 informierten sich auf dem UNESCO Sch\u00fclerInnenseminar in Bad Urach \u00fcber die Asyl- und Fl\u00fcchtlingspolitik in Europa unter der Leitung von Marlies Raub von der UNESCO Projektschule Emmendingen. In einem ersten Themenkomplex ging es um die Ursachen f\u00fcr<\/p>\n","protected":false},"author":3,"featured_media":0,"comment_status":"closed","ping_status":"closed","sticky":false,"template":"","format":"standard","meta":{"footnotes":"","_links_to":"","_links_to_target":""},"categories":[18,2,47,89],"tags":[93,84,39],"class_list":["post-1849","post","type-post","status-publish","format-standard","hentry","category-ausserschulische-veranstaltung","category-bildungsangebot","category-soziales-engagement","category-vabo","tag-2014-2015","tag-unesco","tag-vabo"],"_links":{"self":[{"href":"https:\/\/www.ess-rv.de\/index.php?rest_route=\/wp\/v2\/posts\/1849","targetHints":{"allow":["GET"]}}],"collection":[{"href":"https:\/\/www.ess-rv.de\/index.php?rest_route=\/wp\/v2\/posts"}],"about":[{"href":"https:\/\/www.ess-rv.de\/index.php?rest_route=\/wp\/v2\/types\/post"}],"author":[{"embeddable":true,"href":"https:\/\/www.ess-rv.de\/index.php?rest_route=\/wp\/v2\/users\/3"}],"replies":[{"embeddable":true,"href":"https:\/\/www.ess-rv.de\/index.php?rest_route=%2Fwp%2Fv2%2Fcomments&post=1849"}],"version-history":[{"count":4,"href":"https:\/\/www.ess-rv.de\/index.php?rest_route=\/wp\/v2\/posts\/1849\/revisions"}],"predecessor-version":[{"id":1854,"href":"https:\/\/www.ess-rv.de\/index.php?rest_route=\/wp\/v2\/posts\/1849\/revisions\/1854"}],"wp:attachment":[{"href":"https:\/\/www.ess-rv.de\/index.php?rest_route=%2Fwp%2Fv2%2Fmedia&parent=1849"}],"wp:term":[{"taxonomy":"category","embeddable":true,"href":"https:\/\/www.ess-rv.de\/index.php?rest_route=%2Fwp%2Fv2%2Fcategories&post=1849"},{"taxonomy":"post_tag","embeddable":true,"href":"https:\/\/www.ess-rv.de\/index.php?rest_route=%2Fwp%2Fv2%2Ftags&post=1849"}],"curies":[{"name":"wp","href":"https:\/\/api.w.org\/{rel}","templated":true}]}}