{"id":1874,"date":"2015-06-15T12:07:44","date_gmt":"2015-06-15T11:07:44","guid":{"rendered":"http:\/\/www.ess-rv.de\/?p=1874"},"modified":"2015-06-15T12:17:35","modified_gmt":"2015-06-15T11:17:35","slug":"memories-monday-in-aulendorf","status":"publish","type":"post","link":"https:\/\/www.ess-rv.de\/?p=1874","title":{"rendered":"Memories Monday in Aulendorf"},"content":{"rendered":"<p><a href=\"http:\/\/www.ess-rv.de\/wp-content\/uploads\/2015\/06\/memories-monday1.jpg\"><img loading=\"lazy\" decoding=\"async\" class=\"alignright size-medium wp-image-1875\" src=\"http:\/\/www.ess-rv.de\/wp-content\/uploads\/2015\/06\/memories-monday1-200x300.jpg\" alt=\"Sch\u00fclerinnen und Sch\u00fcler pr\u00e4sentieren die Ergebnisse des letzten Schuljahrs am Memories Monday in Aulendorf.\" width=\"200\" height=\"300\" srcset=\"https:\/\/www.ess-rv.de\/wp-content\/uploads\/2015\/06\/memories-monday1-200x300.jpg 200w, https:\/\/www.ess-rv.de\/wp-content\/uploads\/2015\/06\/memories-monday1-683x1024.jpg 683w, https:\/\/www.ess-rv.de\/wp-content\/uploads\/2015\/06\/memories-monday1.jpg 773w\" sizes=\"auto, (max-width: 200px) 100vw, 200px\" \/><\/a>Unter dem Motto Memories Monday pr\u00e4sentierten die Sch\u00fcler und Sch\u00fclerinnen des Sozialwissenschaftlichen Gymnasiums am Standort Aulendorf in einer feierlichen Abendveranstaltung Erinnerungen sowie Ergebnisse aus Unterrichtsprojekten in den F\u00e4chern P\u00e4dagogik Psychologie, Englisch und Deutsch und verabschiedeten sich damit auf sehr ansprechende Weise von ihrer Schule in Aulendorf. Dargeboten wurden Arbeiten aus dem Themenbereich psychische St\u00f6rungen, Poetry-Slams und englische Texte. F\u00fcr ein musikalisches Programm sorgten Michael Gebhard, Greta Schlenker und <!--more-->Judith Lang. Isabel Ott und Mailyn Figueroa f\u00fchrten durchs Programm. Auch f\u00fcr Verk\u00f6stigung war gesorgt. Dabei erhielten die Abiturienten Unterst\u00fctzung von der Jahrgangsstufe 1. Die Betreuung \u00fcbernahmen die Lehrerinnen Eva Landspersky, Nicole Dietrich und Melanie H\u00e4hl.<\/p>\n<p>Freilich ist das Abitur noch nicht ganz geschafft. Richtig freuen k\u00f6nnen die Sch\u00fcler und Sch\u00fclerinnen erst nach der m\u00fcndlichen Abiturpr\u00fcfung, die am 17. und 18.06. stattfinden wird.<\/p>\n","protected":false},"excerpt":{"rendered":"<p>Unter dem Motto Memories Monday pr\u00e4sentierten die Sch\u00fcler und Sch\u00fclerinnen des Sozialwissenschaftlichen Gymnasiums am Standort Aulendorf in einer feierlichen Abendveranstaltung Erinnerungen sowie Ergebnisse aus Unterrichtsprojekten in den F\u00e4chern P\u00e4dagogik Psychologie, Englisch und Deutsch und verabschiedeten sich damit auf sehr ansprechende Weise von ihrer Schule in Aulendorf. Dargeboten wurden Arbeiten aus dem Themenbereich psychische St\u00f6rungen, Poetry-Slams &hellip; <a href=\"https:\/\/www.ess-rv.de\/?p=1874\" class=\"more-link\"><span class=\"screen-reader-text\">Memories Monday in Aulendorf<\/span> weiterlesen <span class=\"meta-nav\">&rarr;<\/span><\/a><\/p>\n","protected":false},"author":3,"featured_media":0,"comment_status":"closed","ping_status":"closed","sticky":false,"template":"","format":"standard","meta":{"footnotes":"","_links_to":"","_links_to_target":""},"categories":[18,194,29,106,203,65,33],"tags":[93,70,67,191],"class_list":["post-1874","post","type-post","status-publish","format-standard","hentry","category-ausserschulische-veranstaltung","category-ausstellung","category-berufliche-gymnasien","category-kunst","category-sg","category-theater","category-veranstaltung","tag-2014-2015","tag-aulendorf","tag-projekt","tag-sg"],"_links":{"self":[{"href":"https:\/\/www.ess-rv.de\/index.php?rest_route=\/wp\/v2\/posts\/1874","targetHints":{"allow":["GET"]}}],"collection":[{"href":"https:\/\/www.ess-rv.de\/index.php?rest_route=\/wp\/v2\/posts"}],"about":[{"href":"https:\/\/www.ess-rv.de\/index.php?rest_route=\/wp\/v2\/types\/post"}],"author":[{"embeddable":true,"href":"https:\/\/www.ess-rv.de\/index.php?rest_route=\/wp\/v2\/users\/3"}],"replies":[{"embeddable":true,"href":"https:\/\/www.ess-rv.de\/index.php?rest_route=%2Fwp%2Fv2%2Fcomments&post=1874"}],"version-history":[{"count":2,"href":"https:\/\/www.ess-rv.de\/index.php?rest_route=\/wp\/v2\/posts\/1874\/revisions"}],"predecessor-version":[{"id":1877,"href":"https:\/\/www.ess-rv.de\/index.php?rest_route=\/wp\/v2\/posts\/1874\/revisions\/1877"}],"wp:attachment":[{"href":"https:\/\/www.ess-rv.de\/index.php?rest_route=%2Fwp%2Fv2%2Fmedia&parent=1874"}],"wp:term":[{"taxonomy":"category","embeddable":true,"href":"https:\/\/www.ess-rv.de\/index.php?rest_route=%2Fwp%2Fv2%2Fcategories&post=1874"},{"taxonomy":"post_tag","embeddable":true,"href":"https:\/\/www.ess-rv.de\/index.php?rest_route=%2Fwp%2Fv2%2Ftags&post=1874"}],"curies":[{"name":"wp","href":"https:\/\/api.w.org\/{rel}","templated":true}]}}