{"id":1878,"date":"2015-06-15T12:15:34","date_gmt":"2015-06-15T11:15:34","guid":{"rendered":"http:\/\/www.ess-rv.de\/?p=1878"},"modified":"2015-06-15T12:15:58","modified_gmt":"2015-06-15T11:15:58","slug":"die-berufsschueler-auf-abschlussfahrt-in-rom","status":"publish","type":"post","link":"https:\/\/www.ess-rv.de\/?p=1878","title":{"rendered":"Die Berufssch\u00fcler auf Abschlussfahrt in Rom"},"content":{"rendered":"<p><a href=\"http:\/\/www.ess-rv.de\/wp-content\/uploads\/2015\/06\/smv-fahrt_rom.jpg\"><img loading=\"lazy\" decoding=\"async\" class=\"alignleft size-medium wp-image-1879\" src=\"http:\/\/www.ess-rv.de\/wp-content\/uploads\/2015\/06\/smv-fahrt_rom-300x225.jpg\" alt=\"Sch\u00fclerinnen und Sch\u00fcler der Berufsschulklassen auf Abschlussfahrt in Rom\" width=\"300\" height=\"225\" srcset=\"https:\/\/www.ess-rv.de\/wp-content\/uploads\/2015\/06\/smv-fahrt_rom-300x225.jpg 300w, https:\/\/www.ess-rv.de\/wp-content\/uploads\/2015\/06\/smv-fahrt_rom.jpg 966w\" sizes=\"auto, (max-width: 300px) 100vw, 300px\" \/><\/a>Auch in diesem Jahr organisierte die SMV eine Abschlussfahrt f\u00fcr alle Berufssch\u00fcler der Fachstufe 2 nach Rom. Am 20.05. starteten Frau Landspersky, Herr Schmid und Herr Wolff mit insgesamt 35 Sch\u00fclerinnen und Sch\u00fclern. Vor Ort traf die Gruppe auf die pensionierte Kollegin, Frau Pricci, eine gro\u00dfe<!--more--> Rom-Kennerin, die f\u00fcnf Tage lang informationsreiche F\u00fchrungen an allen wichtigen Sehensw\u00fcrdigkeiten gestaltete. Alles in allem bereitete die Reise allen Teilnehmern viel Freude und hinterl\u00e4sst zahlreiche neue Eindr\u00fccke.<\/p>\n","protected":false},"excerpt":{"rendered":"<p>Auch in diesem Jahr organisierte die SMV eine Abschlussfahrt f\u00fcr alle Berufssch\u00fcler der Fachstufe 2 nach Rom. Am 20.05. starteten Frau Landspersky, Herr Schmid und Herr Wolff mit insgesamt 35 Sch\u00fclerinnen und Sch\u00fclern. Vor Ort traf die Gruppe auf die pensionierte Kollegin, Frau Pricci, eine gro\u00dfe<\/p>\n","protected":false},"author":3,"featured_media":0,"comment_status":"closed","ping_status":"closed","sticky":false,"template":"","format":"standard","meta":{"footnotes":"","_links_to":"","_links_to_target":""},"categories":[18,40,2,236,156,237,227,197,238,219],"tags":[93,244,240,242,241,243],"class_list":["post-1878","post","type-post","status-publish","format-standard","hentry","category-ausserschulische-veranstaltung","category-berufsschule","category-bildungsangebot","category-gk","category-klassenfahrt","category-mf","category-pka","category-standort-aulendorf","category-tf","category-zf","tag-2014-2015","tag-abschlussfahrt","tag-gk","tag-mf","tag-pk","tag-tf"],"_links":{"self":[{"href":"https:\/\/www.ess-rv.de\/index.php?rest_route=\/wp\/v2\/posts\/1878","targetHints":{"allow":["GET"]}}],"collection":[{"href":"https:\/\/www.ess-rv.de\/index.php?rest_route=\/wp\/v2\/posts"}],"about":[{"href":"https:\/\/www.ess-rv.de\/index.php?rest_route=\/wp\/v2\/types\/post"}],"author":[{"embeddable":true,"href":"https:\/\/www.ess-rv.de\/index.php?rest_route=\/wp\/v2\/users\/3"}],"replies":[{"embeddable":true,"href":"https:\/\/www.ess-rv.de\/index.php?rest_route=%2Fwp%2Fv2%2Fcomments&post=1878"}],"version-history":[{"count":2,"href":"https:\/\/www.ess-rv.de\/index.php?rest_route=\/wp\/v2\/posts\/1878\/revisions"}],"predecessor-version":[{"id":1881,"href":"https:\/\/www.ess-rv.de\/index.php?rest_route=\/wp\/v2\/posts\/1878\/revisions\/1881"}],"wp:attachment":[{"href":"https:\/\/www.ess-rv.de\/index.php?rest_route=%2Fwp%2Fv2%2Fmedia&parent=1878"}],"wp:term":[{"taxonomy":"category","embeddable":true,"href":"https:\/\/www.ess-rv.de\/index.php?rest_route=%2Fwp%2Fv2%2Fcategories&post=1878"},{"taxonomy":"post_tag","embeddable":true,"href":"https:\/\/www.ess-rv.de\/index.php?rest_route=%2Fwp%2Fv2%2Ftags&post=1878"}],"curies":[{"name":"wp","href":"https:\/\/api.w.org\/{rel}","templated":true}]}}