{"id":1975,"date":"2013-07-02T14:07:44","date_gmt":"2013-07-02T13:07:44","guid":{"rendered":"http:\/\/www.ess-rv.de\/?p=1975"},"modified":"2015-07-05T14:11:20","modified_gmt":"2015-07-05T13:11:20","slug":"frauenhandel-und-zwangsprostitution-in-ravensburg","status":"publish","type":"post","link":"https:\/\/www.ess-rv.de\/?p=1975","title":{"rendered":"Frauenhandel und Zwangsprostitution in Ravensburg"},"content":{"rendered":"<p><figure id=\"attachment_1044\" aria-describedby=\"caption-attachment-1044\" style=\"width: 300px\" class=\"wp-caption alignleft\"><img loading=\"lazy\" decoding=\"async\" src=\"http:\/\/www.ess-rv.de\/wp-content\/uploads\/2015\/03\/2013_07_10_17_33_08_Zwangsprostitutionv0713-300x259.jpg\" alt=\"Von links nach rechts: Franziska L\u00f6ffler, Katrin Eggeron, Johanna Nitsch, Regina Schmidt, Markus Klauser\" width=\"300\" height=\"259\" class=\"size-medium wp-image-1044\" \/><figcaption id=\"caption-attachment-1044\" class=\"wp-caption-text\">Von links nach rechts: Franziska L\u00f6ffler, Katrin Eggeron, Johanna Nitsch, Regina Schmidt, Markus Klauser<\/figcaption><\/figure>Im Rahmen ihres Seminarkurses behandelten die drei Sch\u00fclerinnen Katrin Egger, Franziska L\u00f6ffler und Johanna Nitsch das Thema \u201eFrauenhandel und Zwangsprostitution in Ravensburg\u201c. Im kleinen Sitzungssaal des Rathauses stellten sie einer interessierten Zuh\u00f6rerschaft ihre Arbeit vor, die in Kooperation mit dem B\u00fcrgerb\u00fcro und mit Unterst\u00fctzung der Hilfsorganisation \u201eTerre des Femmes\u201c entstanden ist. Die Sch\u00fclerinnen haben sich der Agendagruppe \u201eEine Welt\u201c angeschlossen und bereits eine Kontaktgruppe gegr\u00fcndet.<\/p>\n","protected":false},"excerpt":{"rendered":"<p>Im Rahmen ihres Seminarkurses behandelten die drei Sch\u00fclerinnen Katrin Egger, Franziska L\u00f6ffler und Johanna Nitsch das Thema \u201eFrauenhandel und Zwangsprostitution in Ravensburg\u201c. Im kleinen Sitzungssaal des Rathauses stellten sie einer interessierten Zuh\u00f6rerschaft ihre Arbeit vor, die in Kooperation mit dem B\u00fcrgerb\u00fcro und mit Unterst\u00fctzung der Hilfsorganisation \u201eTerre des Femmes\u201c entstanden ist. Die Sch\u00fclerinnen haben sich &hellip; <a href=\"https:\/\/www.ess-rv.de\/?p=1975\" class=\"more-link\"><span class=\"screen-reader-text\">Frauenhandel und Zwangsprostitution in Ravensburg<\/span> weiterlesen <span class=\"meta-nav\">&rarr;<\/span><\/a><\/p>\n","protected":false},"author":3,"featured_media":0,"comment_status":"closed","ping_status":"closed","sticky":false,"template":"","format":"standard","meta":{"footnotes":"","_links_to":"","_links_to_target":""},"categories":[18,29,2,47,33,186],"tags":[95,50,49,195],"class_list":["post-1975","post","type-post","status-publish","format-standard","hentry","category-ausserschulische-veranstaltung","category-berufliche-gymnasien","category-bildungsangebot","category-soziales-engagement","category-veranstaltung","category-vortrag","tag-2012-2013","tag-engagement","tag-ravensburg","tag-seminarkurs"],"_links":{"self":[{"href":"https:\/\/www.ess-rv.de\/index.php?rest_route=\/wp\/v2\/posts\/1975","targetHints":{"allow":["GET"]}}],"collection":[{"href":"https:\/\/www.ess-rv.de\/index.php?rest_route=\/wp\/v2\/posts"}],"about":[{"href":"https:\/\/www.ess-rv.de\/index.php?rest_route=\/wp\/v2\/types\/post"}],"author":[{"embeddable":true,"href":"https:\/\/www.ess-rv.de\/index.php?rest_route=\/wp\/v2\/users\/3"}],"replies":[{"embeddable":true,"href":"https:\/\/www.ess-rv.de\/index.php?rest_route=%2Fwp%2Fv2%2Fcomments&post=1975"}],"version-history":[{"count":1,"href":"https:\/\/www.ess-rv.de\/index.php?rest_route=\/wp\/v2\/posts\/1975\/revisions"}],"predecessor-version":[{"id":1976,"href":"https:\/\/www.ess-rv.de\/index.php?rest_route=\/wp\/v2\/posts\/1975\/revisions\/1976"}],"wp:attachment":[{"href":"https:\/\/www.ess-rv.de\/index.php?rest_route=%2Fwp%2Fv2%2Fmedia&parent=1975"}],"wp:term":[{"taxonomy":"category","embeddable":true,"href":"https:\/\/www.ess-rv.de\/index.php?rest_route=%2Fwp%2Fv2%2Fcategories&post=1975"},{"taxonomy":"post_tag","embeddable":true,"href":"https:\/\/www.ess-rv.de\/index.php?rest_route=%2Fwp%2Fv2%2Ftags&post=1975"}],"curies":[{"name":"wp","href":"https:\/\/api.w.org\/{rel}","templated":true}]}}