{"id":2024,"date":"2013-02-05T15:18:08","date_gmt":"2013-02-05T14:18:08","guid":{"rendered":"http:\/\/www.ess-rv.de\/?p=2024"},"modified":"2015-07-05T15:26:34","modified_gmt":"2015-07-05T14:26:34","slug":"berufswettbewerb-landwirtschaft-2013","status":"publish","type":"post","link":"https:\/\/www.ess-rv.de\/?p=2024","title":{"rendered":"Berufswettbewerb Landwirtschaft 2013"},"content":{"rendered":"<p><img loading=\"lazy\" decoding=\"async\" class=\"alignleft size-medium wp-image-1015\" src=\"http:\/\/www.ess-rv.de\/wp-content\/uploads\/2015\/03\/2013_03_04_10_53_14_Berufswettbewerb0313-300x207.jpg\" alt=\"2013_03_04_10_53_14_Berufswettbewerb0313\" width=\"300\" height=\"207\" \/>Sch\u00fcler der landwirtschaftlichen Berufsschule der Edith-Stein-Schule nahmen am Berufswettbewerb Landwirtschaft 2013 teil. Sie mussten sowohl ihr Allgemein- und Fachwissen, als auch ihr praktisches K\u00f6nnen unter Beweis stellen. So musste in 45 Minuten aus einem St\u00fcck Flachstahl ein Ger\u00e4tehalter nach vorgegebenen Ma\u00dfen gefertigt werden. Die zwei ersten Sieger, Stephan Eppler (2.v.r.) und Daniel Manz (r.) nehmen im April am Verbandsentscheid teil. Dritte wurde Beate B\u00fchler, Vierter Tim Einholz.<\/p>\n","protected":false},"excerpt":{"rendered":"<p>Sch\u00fcler der landwirtschaftlichen Berufsschule der Edith-Stein-Schule nahmen am Berufswettbewerb Landwirtschaft 2013 teil. Sie mussten sowohl ihr Allgemein- und Fachwissen, als auch ihr praktisches K\u00f6nnen unter Beweis stellen. So musste in 45 Minuten aus einem St\u00fcck Flachstahl ein Ger\u00e4tehalter nach vorgegebenen Ma\u00dfen gefertigt werden. Die zwei ersten Sieger, Stephan Eppler (2.v.r.) und Daniel Manz (r.) nehmen &hellip; <a href=\"https:\/\/www.ess-rv.de\/?p=2024\" class=\"more-link\"><span class=\"screen-reader-text\">Berufswettbewerb Landwirtschaft 2013<\/span> weiterlesen <span class=\"meta-nav\">&rarr;<\/span><\/a><\/p>\n","protected":false},"author":3,"featured_media":0,"comment_status":"closed","ping_status":"closed","sticky":false,"template":"","format":"standard","meta":{"footnotes":"","_links_to":"","_links_to_target":""},"categories":[40,2,152,204,33,53],"tags":[95,54,58],"class_list":["post-2024","post","type-post","status-publish","format-standard","hentry","category-berufsschule","category-bildungsangebot","category-ehrung","category-lw","category-veranstaltung","category-wettbewerb","tag-2012-2013","tag-berufsschule","tag-wettbewerb"],"_links":{"self":[{"href":"https:\/\/www.ess-rv.de\/index.php?rest_route=\/wp\/v2\/posts\/2024","targetHints":{"allow":["GET"]}}],"collection":[{"href":"https:\/\/www.ess-rv.de\/index.php?rest_route=\/wp\/v2\/posts"}],"about":[{"href":"https:\/\/www.ess-rv.de\/index.php?rest_route=\/wp\/v2\/types\/post"}],"author":[{"embeddable":true,"href":"https:\/\/www.ess-rv.de\/index.php?rest_route=\/wp\/v2\/users\/3"}],"replies":[{"embeddable":true,"href":"https:\/\/www.ess-rv.de\/index.php?rest_route=%2Fwp%2Fv2%2Fcomments&post=2024"}],"version-history":[{"count":1,"href":"https:\/\/www.ess-rv.de\/index.php?rest_route=\/wp\/v2\/posts\/2024\/revisions"}],"predecessor-version":[{"id":2025,"href":"https:\/\/www.ess-rv.de\/index.php?rest_route=\/wp\/v2\/posts\/2024\/revisions\/2025"}],"wp:attachment":[{"href":"https:\/\/www.ess-rv.de\/index.php?rest_route=%2Fwp%2Fv2%2Fmedia&parent=2024"}],"wp:term":[{"taxonomy":"category","embeddable":true,"href":"https:\/\/www.ess-rv.de\/index.php?rest_route=%2Fwp%2Fv2%2Fcategories&post=2024"},{"taxonomy":"post_tag","embeddable":true,"href":"https:\/\/www.ess-rv.de\/index.php?rest_route=%2Fwp%2Fv2%2Ftags&post=2024"}],"curies":[{"name":"wp","href":"https:\/\/api.w.org\/{rel}","templated":true}]}}