{"id":2026,"date":"2013-01-31T15:26:44","date_gmt":"2013-01-31T14:26:44","guid":{"rendered":"http:\/\/www.ess-rv.de\/?p=2026"},"modified":"2015-07-05T15:29:35","modified_gmt":"2015-07-05T14:29:35","slug":"unesco-schuelerinnen-vernetzen-sich","status":"publish","type":"post","link":"https:\/\/www.ess-rv.de\/?p=2026","title":{"rendered":"UNESCO-Sch\u00fclerInnen vernetzen sich!"},"content":{"rendered":"<p><img loading=\"lazy\" decoding=\"async\" class=\"alignright size-full wp-image-1014\" src=\"http:\/\/www.ess-rv.de\/wp-content\/uploads\/2015\/03\/2013_01_31_08_27_40_Puzzle1.jpg\" alt=\"2013_01_31_08_27_40_Puzzle1\" width=\"227\" height=\"252\" \/>Die am Eine-Welt-Tag begonnene Aktion wird weitergef\u00fchrt. Sie k\u00f6nnen bei Frau Binzer f\u00fcr zwei Euro ein Puzzle-Teil erwerben, individuell gestalten und nach dem Bearbeiten dort wieder bis sp\u00e4testens 01. M\u00e4rz abgeben. Die Einnahmen kommen unseren Eine-Welt-Tag-Projekten zu Gute. Die Puzzleteile werden am Vernetzungstag in die oben abgebildete Tafel (ausgestellt vor dem Sekretariat) integriert.<br \/>\nGemeinsamer \u201eVernetzungstag\u201c am Freitag, den 08. M\u00e4rz, um 9:05 Uhr, vor dem Sekretariat.<\/p>\n<p>R\u00fcckfragen bei den UNESCO-Koordinatoren <a href=\"mailto:joensson@ess-rv.de\">joensson@ess-rv.de<\/a><\/p>\n","protected":false},"excerpt":{"rendered":"<p>Die am Eine-Welt-Tag begonnene Aktion wird weitergef\u00fchrt. Sie k\u00f6nnen bei Frau Binzer f\u00fcr zwei Euro ein Puzzle-Teil erwerben, individuell gestalten und nach dem Bearbeiten dort wieder bis sp\u00e4testens 01. M\u00e4rz abgeben. Die Einnahmen kommen unseren Eine-Welt-Tag-Projekten zu Gute. Die Puzzleteile werden am Vernetzungstag in die oben abgebildete Tafel (ausgestellt vor dem Sekretariat) integriert. Gemeinsamer \u201eVernetzungstag\u201c &hellip; <a href=\"https:\/\/www.ess-rv.de\/?p=2026\" class=\"more-link\"><span class=\"screen-reader-text\">UNESCO-Sch\u00fclerInnen vernetzen sich!<\/span> weiterlesen <span class=\"meta-nav\">&rarr;<\/span><\/a><\/p>\n","protected":false},"author":3,"featured_media":0,"comment_status":"closed","ping_status":"closed","sticky":false,"template":"","format":"standard","meta":{"footnotes":"","_links_to":"","_links_to_target":""},"categories":[18,104,47,33],"tags":[95,105,67,84],"class_list":["post-2026","post","type-post","status-publish","format-standard","hentry","category-ausserschulische-veranstaltung","category-eine-welt-tag","category-soziales-engagement","category-veranstaltung","tag-2012-2013","tag-eine-welt-tag","tag-projekt","tag-unesco"],"_links":{"self":[{"href":"https:\/\/www.ess-rv.de\/index.php?rest_route=\/wp\/v2\/posts\/2026","targetHints":{"allow":["GET"]}}],"collection":[{"href":"https:\/\/www.ess-rv.de\/index.php?rest_route=\/wp\/v2\/posts"}],"about":[{"href":"https:\/\/www.ess-rv.de\/index.php?rest_route=\/wp\/v2\/types\/post"}],"author":[{"embeddable":true,"href":"https:\/\/www.ess-rv.de\/index.php?rest_route=\/wp\/v2\/users\/3"}],"replies":[{"embeddable":true,"href":"https:\/\/www.ess-rv.de\/index.php?rest_route=%2Fwp%2Fv2%2Fcomments&post=2026"}],"version-history":[{"count":1,"href":"https:\/\/www.ess-rv.de\/index.php?rest_route=\/wp\/v2\/posts\/2026\/revisions"}],"predecessor-version":[{"id":2027,"href":"https:\/\/www.ess-rv.de\/index.php?rest_route=\/wp\/v2\/posts\/2026\/revisions\/2027"}],"wp:attachment":[{"href":"https:\/\/www.ess-rv.de\/index.php?rest_route=%2Fwp%2Fv2%2Fmedia&parent=2026"}],"wp:term":[{"taxonomy":"category","embeddable":true,"href":"https:\/\/www.ess-rv.de\/index.php?rest_route=%2Fwp%2Fv2%2Fcategories&post=2026"},{"taxonomy":"post_tag","embeddable":true,"href":"https:\/\/www.ess-rv.de\/index.php?rest_route=%2Fwp%2Fv2%2Ftags&post=2026"}],"curies":[{"name":"wp","href":"https:\/\/api.w.org\/{rel}","templated":true}]}}