{"id":2054,"date":"2012-11-04T16:06:22","date_gmt":"2012-11-04T15:06:22","guid":{"rendered":"http:\/\/www.ess-rv.de\/?p=2054"},"modified":"2015-07-05T16:09:00","modified_gmt":"2015-07-05T15:09:00","slug":"kinderregenwaldteam-beim-wunderweltenfestival","status":"publish","type":"post","link":"https:\/\/www.ess-rv.de\/?p=2054","title":{"rendered":"Kinderregenwaldteam beim Wunderweltenfestival"},"content":{"rendered":"<p><img loading=\"lazy\" decoding=\"async\" src=\"http:\/\/www.ess-rv.de\/wp-content\/uploads\/2015\/03\/2012_11_07_21_32_33_Wunderweltenfestival1v-300x217.jpg\" alt=\"2012_11_07_21_32_33_Wunderweltenfestival1v\" width=\"300\" height=\"217\" class=\"alignleft size-medium wp-image-974\" \/>Das Kinderregenwald-Team der Edith-Stein Schule informierte die Besucher des Wunderweltenfestivals in Friedrichshafen \u00fcber die Idee der \u201eKinderregenw\u00e4lder\u201c. Im Rahmen der UNESCO-Aktivit\u00e4ten der Schule besuchte die Klasse des EG von Silvia Ranzinger den Vortrag von R\u00fcdiger Nehberg, dem Aktivisten f\u00fcr Menschenrechte. Zuvor hatte die Klasse f\u00fcr sein Projekt \u201eTarget\u201c gespendet.<\/p>\n","protected":false},"excerpt":{"rendered":"<p>Das Kinderregenwald-Team der Edith-Stein Schule informierte die Besucher des Wunderweltenfestivals in Friedrichshafen \u00fcber die Idee der \u201eKinderregenw\u00e4lder\u201c. Im Rahmen der UNESCO-Aktivit\u00e4ten der Schule besuchte die Klasse des EG von Silvia Ranzinger den Vortrag von R\u00fcdiger Nehberg, dem Aktivisten f\u00fcr Menschenrechte. Zuvor hatte die Klasse f\u00fcr sein Projekt \u201eTarget\u201c gespendet.<\/p>\n","protected":false},"author":3,"featured_media":0,"comment_status":"closed","ping_status":"closed","sticky":false,"template":"","format":"standard","meta":{"footnotes":"","_links_to":"","_links_to_target":""},"categories":[18,29,2,201,47,108,33,186],"tags":[95,50,110,137,84],"class_list":["post-2054","post","type-post","status-publish","format-standard","hentry","category-ausserschulische-veranstaltung","category-berufliche-gymnasien","category-bildungsangebot","category-eg","category-soziales-engagement","category-umweltschutz","category-veranstaltung","category-vortrag","tag-2012-2013","tag-engagement","tag-kinderregenwald","tag-umweltschutz","tag-unesco"],"_links":{"self":[{"href":"https:\/\/www.ess-rv.de\/index.php?rest_route=\/wp\/v2\/posts\/2054","targetHints":{"allow":["GET"]}}],"collection":[{"href":"https:\/\/www.ess-rv.de\/index.php?rest_route=\/wp\/v2\/posts"}],"about":[{"href":"https:\/\/www.ess-rv.de\/index.php?rest_route=\/wp\/v2\/types\/post"}],"author":[{"embeddable":true,"href":"https:\/\/www.ess-rv.de\/index.php?rest_route=\/wp\/v2\/users\/3"}],"replies":[{"embeddable":true,"href":"https:\/\/www.ess-rv.de\/index.php?rest_route=%2Fwp%2Fv2%2Fcomments&post=2054"}],"version-history":[{"count":1,"href":"https:\/\/www.ess-rv.de\/index.php?rest_route=\/wp\/v2\/posts\/2054\/revisions"}],"predecessor-version":[{"id":2055,"href":"https:\/\/www.ess-rv.de\/index.php?rest_route=\/wp\/v2\/posts\/2054\/revisions\/2055"}],"wp:attachment":[{"href":"https:\/\/www.ess-rv.de\/index.php?rest_route=%2Fwp%2Fv2%2Fmedia&parent=2054"}],"wp:term":[{"taxonomy":"category","embeddable":true,"href":"https:\/\/www.ess-rv.de\/index.php?rest_route=%2Fwp%2Fv2%2Fcategories&post=2054"},{"taxonomy":"post_tag","embeddable":true,"href":"https:\/\/www.ess-rv.de\/index.php?rest_route=%2Fwp%2Fv2%2Ftags&post=2054"}],"curies":[{"name":"wp","href":"https:\/\/api.w.org\/{rel}","templated":true}]}}