{"id":2056,"date":"2012-10-24T16:09:13","date_gmt":"2012-10-24T15:09:13","guid":{"rendered":"http:\/\/www.ess-rv.de\/?p=2056"},"modified":"2015-07-05T16:11:19","modified_gmt":"2015-07-05T15:11:19","slug":"kinderregenwaldteam-erhaelt-den-kulturlandschaftspreis","status":"publish","type":"post","link":"https:\/\/www.ess-rv.de\/?p=2056","title":{"rendered":"Kinderregenwaldteam erh\u00e4lt den &#8222;Kulturlandschaftspreis&#8220;"},"content":{"rendered":"<p><img loading=\"lazy\" decoding=\"async\" src=\"http:\/\/www.ess-rv.de\/wp-content\/uploads\/2015\/03\/2012_11_05_19_39_49_KulturlandschaftspreisSchwaebischerHeima-300x196.jpg\" alt=\"2012_11_05_19_39_49_KulturlandschaftspreisSchwaebischerHeima\" width=\"300\" height=\"196\" class=\"alignright size-medium wp-image-973\" \/>Das Kinderregenwald-Team der Edith-Stein Schule empfing am 24. Oktober in Obersulm-Willsbach aus den H\u00e4nden von Dr. Volker Kracht, dem Vorsitzenden der Jury und Leiter des Referates f\u00fcr Natur- und Landschaftspflege beim Regierungspr\u00e4sidium T\u00fcbingen den mit 1.500 Euro pr\u00e4mierten \u201eKulturlandschaftspreis\u201c des Schw\u00e4bischen Heimatbundes. \u201eDie Preistr\u00e4ger sind Vorbilder. Sie tragen dazu bei, die durch Menschenhand in Jahrtausenden geschaffene Kulturlandschaft mit ihrer Tier- und Pflanzenwelt, ihrer Artenvielfalt, ihrer Vielgestaltigkeit und Sch\u00f6nheit zu bewahren und zu f\u00f6rdern.<\/p>\n","protected":false},"excerpt":{"rendered":"<p>Das Kinderregenwald-Team der Edith-Stein Schule empfing am 24. Oktober in Obersulm-Willsbach aus den H\u00e4nden von Dr. Volker Kracht, dem Vorsitzenden der Jury und Leiter des Referates f\u00fcr Natur- und Landschaftspflege beim Regierungspr\u00e4sidium T\u00fcbingen den mit 1.500 Euro pr\u00e4mierten \u201eKulturlandschaftspreis\u201c des Schw\u00e4bischen Heimatbundes. \u201eDie Preistr\u00e4ger sind Vorbilder. Sie tragen dazu bei, die durch Menschenhand in Jahrtausenden &hellip; <a href=\"https:\/\/www.ess-rv.de\/?p=2056\" class=\"more-link\"><span class=\"screen-reader-text\">Kinderregenwaldteam erh\u00e4lt den &#8222;Kulturlandschaftspreis&#8220;<\/span> weiterlesen <span class=\"meta-nav\">&rarr;<\/span><\/a><\/p>\n","protected":false},"author":3,"featured_media":0,"comment_status":"closed","ping_status":"closed","sticky":false,"template":"","format":"standard","meta":{"footnotes":"","_links_to":"","_links_to_target":""},"categories":[18,109,152,108,33],"tags":[95,64,110],"class_list":["post-2056","post","type-post","status-publish","format-standard","hentry","category-ausserschulische-veranstaltung","category-baumpflanzung","category-ehrung","category-umweltschutz","category-veranstaltung","tag-2012-2013","tag-ehrung","tag-kinderregenwald"],"_links":{"self":[{"href":"https:\/\/www.ess-rv.de\/index.php?rest_route=\/wp\/v2\/posts\/2056","targetHints":{"allow":["GET"]}}],"collection":[{"href":"https:\/\/www.ess-rv.de\/index.php?rest_route=\/wp\/v2\/posts"}],"about":[{"href":"https:\/\/www.ess-rv.de\/index.php?rest_route=\/wp\/v2\/types\/post"}],"author":[{"embeddable":true,"href":"https:\/\/www.ess-rv.de\/index.php?rest_route=\/wp\/v2\/users\/3"}],"replies":[{"embeddable":true,"href":"https:\/\/www.ess-rv.de\/index.php?rest_route=%2Fwp%2Fv2%2Fcomments&post=2056"}],"version-history":[{"count":1,"href":"https:\/\/www.ess-rv.de\/index.php?rest_route=\/wp\/v2\/posts\/2056\/revisions"}],"predecessor-version":[{"id":2057,"href":"https:\/\/www.ess-rv.de\/index.php?rest_route=\/wp\/v2\/posts\/2056\/revisions\/2057"}],"wp:attachment":[{"href":"https:\/\/www.ess-rv.de\/index.php?rest_route=%2Fwp%2Fv2%2Fmedia&parent=2056"}],"wp:term":[{"taxonomy":"category","embeddable":true,"href":"https:\/\/www.ess-rv.de\/index.php?rest_route=%2Fwp%2Fv2%2Fcategories&post=2056"},{"taxonomy":"post_tag","embeddable":true,"href":"https:\/\/www.ess-rv.de\/index.php?rest_route=%2Fwp%2Fv2%2Ftags&post=2056"}],"curies":[{"name":"wp","href":"https:\/\/api.w.org\/{rel}","templated":true}]}}