{"id":2071,"date":"2012-10-20T16:24:58","date_gmt":"2012-10-20T15:24:58","guid":{"rendered":"http:\/\/www.ess-rv.de\/?p=2071"},"modified":"2015-07-05T16:28:52","modified_gmt":"2015-07-05T15:28:52","slug":"schueleraustausch-mit-der-partnerschule-varazdin-kroatien","status":"publish","type":"post","link":"https:\/\/www.ess-rv.de\/?p=2071","title":{"rendered":"Sch\u00fcleraustausch mit der Partnerschule Vara\u017edin"},"content":{"rendered":"<p><img loading=\"lazy\" decoding=\"async\" class=\"alignright size-medium wp-image-971\" src=\"http:\/\/www.ess-rv.de\/wp-content\/uploads\/2015\/03\/2012_10_24_20_07_02_Varazdin_2012_027v-300x225.jpg\" alt=\"2012_10_24_20_07_02_Varazdin_2012_027v\" width=\"300\" height=\"225\" \/>Vom 14. bis zum 19. Oktober 2012 nahmen 13 Sch\u00fclerinnen und Sch\u00fcler der Jahrgangstufe 1 unserer Gymnasien an einem Sch\u00fcleraustausch mit unserer Partnerschule in Vara\u017edin (Kroatien) teil. Das Bild zeigt die Sch\u00fcler mit zwei kroatischen Lehrerinnen und Herrn Deginder beim Empfang in der kroatischen Schule.<\/p>\n","protected":false},"excerpt":{"rendered":"<p>Vom 14. bis zum 19. Oktober 2012 nahmen 13 Sch\u00fclerinnen und Sch\u00fcler der Jahrgangstufe 1 unserer Gymnasien an einem Sch\u00fcleraustausch mit unserer Partnerschule in Vara\u017edin (Kroatien) teil. Das Bild zeigt die Sch\u00fcler mit zwei kroatischen Lehrerinnen und Herrn Deginder beim Empfang in der kroatischen Schule.<\/p>\n","protected":false},"author":3,"featured_media":0,"comment_status":"closed","ping_status":"closed","sticky":false,"template":"","format":"standard","meta":{"footnotes":"","_links_to":"","_links_to_target":""},"categories":[18,96,29,2],"tags":[95,101],"class_list":["post-2071","post","type-post","status-publish","format-standard","hentry","category-ausserschulische-veranstaltung","category-austausch","category-berufliche-gymnasien","category-bildungsangebot","tag-2012-2013","tag-austausch"],"_links":{"self":[{"href":"https:\/\/www.ess-rv.de\/index.php?rest_route=\/wp\/v2\/posts\/2071","targetHints":{"allow":["GET"]}}],"collection":[{"href":"https:\/\/www.ess-rv.de\/index.php?rest_route=\/wp\/v2\/posts"}],"about":[{"href":"https:\/\/www.ess-rv.de\/index.php?rest_route=\/wp\/v2\/types\/post"}],"author":[{"embeddable":true,"href":"https:\/\/www.ess-rv.de\/index.php?rest_route=\/wp\/v2\/users\/3"}],"replies":[{"embeddable":true,"href":"https:\/\/www.ess-rv.de\/index.php?rest_route=%2Fwp%2Fv2%2Fcomments&post=2071"}],"version-history":[{"count":3,"href":"https:\/\/www.ess-rv.de\/index.php?rest_route=\/wp\/v2\/posts\/2071\/revisions"}],"predecessor-version":[{"id":2075,"href":"https:\/\/www.ess-rv.de\/index.php?rest_route=\/wp\/v2\/posts\/2071\/revisions\/2075"}],"wp:attachment":[{"href":"https:\/\/www.ess-rv.de\/index.php?rest_route=%2Fwp%2Fv2%2Fmedia&parent=2071"}],"wp:term":[{"taxonomy":"category","embeddable":true,"href":"https:\/\/www.ess-rv.de\/index.php?rest_route=%2Fwp%2Fv2%2Fcategories&post=2071"},{"taxonomy":"post_tag","embeddable":true,"href":"https:\/\/www.ess-rv.de\/index.php?rest_route=%2Fwp%2Fv2%2Ftags&post=2071"}],"curies":[{"name":"wp","href":"https:\/\/api.w.org\/{rel}","templated":true}]}}