{"id":2073,"date":"2012-10-22T16:27:42","date_gmt":"2012-10-22T15:27:42","guid":{"rendered":"http:\/\/www.ess-rv.de\/?p=2073"},"modified":"2015-07-05T16:31:52","modified_gmt":"2015-07-05T15:31:52","slug":"sprachreise-nach-brest-2","status":"publish","type":"post","link":"https:\/\/www.ess-rv.de\/?p=2073","title":{"rendered":"Sprachreise nach Brest"},"content":{"rendered":"<p><img loading=\"lazy\" decoding=\"async\" class=\"alignleft size-medium wp-image-976\" src=\"http:\/\/www.ess-rv.de\/wp-content\/uploads\/2015\/03\/2012_11_13_11_06_24_DSCN1061v-300x225.jpg\" alt=\"2012_11_13_11_06_24_DSCN1061v\" width=\"300\" height=\"225\" \/>Wir, die Sch\u00fclerinnen aus der BTG Klasse und zwei Jungs aus dem WG begaben sich mit den Begleitlehrern Frau Bachmann und Herr Nold auf Sprachreise nach Brest. Die Reise begann am 13. Oktober am Ravensburger Bahnhof, vor uns lag eine 25 st\u00fcndige Zugfahrt. Doch durch den Schlafwagen und die Unterhaltung der zwei Jungs<!--more--> verging die Fahrt wie im Flug und wir erreichten den Brester Bahnhof. Dort warteten auch schon unsere Austauschsch\u00fcler um uns in Empfang zu nehmen. Die n\u00e4chsten Stunden verbrachten wir mit unseren neuen Familien, am Abend stand noch eine kleine Stadtf\u00fchrung auf dem Programm. In den folgenden Tagen besuchten wir einige Museen, einen Tierpark, die Schule, trafen uns mit Deutschstudenten in der Universit\u00e4t, erkundeten den M\u00e4rchenwald, in dem auch V\u00e4terchen Frost wohnt, und st\u00e4rkten uns dort mit hausgemachten Pfannkuchen. Zudem fuhren wir noch zu einer Pferdefarm, dort hatte jeder die Gelegenheit selbst zu reiten. Auch eine Fischverarbeitungsfabrik besuchten wir und wurden mit einem gro\u00dfen Karton Eis belohnt. Aber auch historisch war einiges geboten wie die Brester Festung, eine ausgegrabene Stadt und die Katakomben von einem Fort. Auch am Abend standen einige Aktivit\u00e4ten wie Bowlen, Eislaufen, Pizza essen, Airhockey spielen und Kino auf dem Programm.<br \/>\nDie Woche ging viel zu schnell vorbei und so hie\u00df es am 21. Oktober Abschied nehmen, bei dem kaum ein Auge trocken blieb. Wir k\u00f6nnen sagen, dass die Woche eine unserer besten \u00fcberhaupt war. Wir hatten so viel Spa\u00df und wir wurden mit so viel Gastfreundschaft empfangen wie wir es noch nie zuvor erlebt hatten. Wir hoffen, dass sich einige f\u00fcr eine solche Reise interessieren, die Sch\u00fclerinnen und Sch\u00fcler freuen sich auf Besuch aus Deutschland. Wir k\u00f6nnen es kaum erwarten, wenn wir Ende April Besuch bekommen von unseren Freunden aus Brest.<\/p>\n","protected":false},"excerpt":{"rendered":"<p>Wir, die Sch\u00fclerinnen aus der BTG Klasse und zwei Jungs aus dem WG begaben sich mit den Begleitlehrern Frau Bachmann und Herr Nold auf Sprachreise nach Brest. Die Reise begann am 13. Oktober am Ravensburger Bahnhof, vor uns lag eine 25 st\u00fcndige Zugfahrt. Doch durch den Schlafwagen und die Unterhaltung der zwei Jungs<\/p>\n","protected":false},"author":3,"featured_media":0,"comment_status":"closed","ping_status":"closed","sticky":false,"template":"","format":"standard","meta":{"footnotes":"","_links_to":"","_links_to_target":""},"categories":[18,96,283],"tags":[95,101,284,102],"class_list":["post-2073","post","type-post","status-publish","format-standard","hentry","category-ausserschulische-veranstaltung","category-austausch","category-sprachfahrt","tag-2012-2013","tag-austausch","tag-sprachfahrt","tag-weissrussland"],"_links":{"self":[{"href":"https:\/\/www.ess-rv.de\/index.php?rest_route=\/wp\/v2\/posts\/2073","targetHints":{"allow":["GET"]}}],"collection":[{"href":"https:\/\/www.ess-rv.de\/index.php?rest_route=\/wp\/v2\/posts"}],"about":[{"href":"https:\/\/www.ess-rv.de\/index.php?rest_route=\/wp\/v2\/types\/post"}],"author":[{"embeddable":true,"href":"https:\/\/www.ess-rv.de\/index.php?rest_route=\/wp\/v2\/users\/3"}],"replies":[{"embeddable":true,"href":"https:\/\/www.ess-rv.de\/index.php?rest_route=%2Fwp%2Fv2%2Fcomments&post=2073"}],"version-history":[{"count":2,"href":"https:\/\/www.ess-rv.de\/index.php?rest_route=\/wp\/v2\/posts\/2073\/revisions"}],"predecessor-version":[{"id":2077,"href":"https:\/\/www.ess-rv.de\/index.php?rest_route=\/wp\/v2\/posts\/2073\/revisions\/2077"}],"wp:attachment":[{"href":"https:\/\/www.ess-rv.de\/index.php?rest_route=%2Fwp%2Fv2%2Fmedia&parent=2073"}],"wp:term":[{"taxonomy":"category","embeddable":true,"href":"https:\/\/www.ess-rv.de\/index.php?rest_route=%2Fwp%2Fv2%2Fcategories&post=2073"},{"taxonomy":"post_tag","embeddable":true,"href":"https:\/\/www.ess-rv.de\/index.php?rest_route=%2Fwp%2Fv2%2Ftags&post=2073"}],"curies":[{"name":"wp","href":"https:\/\/api.w.org\/{rel}","templated":true}]}}