{"id":2161,"date":"2015-07-24T20:04:20","date_gmt":"2015-07-24T19:04:20","guid":{"rendered":"http:\/\/www.ess-rv.de\/?p=2161"},"modified":"2015-08-05T14:15:56","modified_gmt":"2015-08-05T13:15:56","slug":"2161","status":"publish","type":"post","link":"https:\/\/www.ess-rv.de\/?p=2161","title":{"rendered":"UNESCO-Projektschulpreis 2015"},"content":{"rendered":"<p><img loading=\"lazy\" decoding=\"async\" class=\"alignright size-medium wp-image-2194\" src=\"http:\/\/www.ess-rv.de\/wp-content\/uploads\/2015\/07\/Edith-Stein-Schule-003-300x226.jpg\" alt=\"Die Friedenstaube von Richard Hillinger fliegt von Klasse zu Klasse.\" width=\"300\" height=\"226\" srcset=\"https:\/\/www.ess-rv.de\/wp-content\/uploads\/2015\/07\/Edith-Stein-Schule-003-300x226.jpg 300w, https:\/\/www.ess-rv.de\/wp-content\/uploads\/2015\/07\/Edith-Stein-Schule-003.jpg 957w\" sizes=\"auto, (max-width: 300px) 100vw, 300px\" \/>In einer Feierstunde wurden die diesj\u00e4hrigen UNESCO-Projektschulpreise \u00fcberreicht. Den ersten Preis sprach die Jury Maximiliane B\u00f6hm, Lena M\u00e4gerle, Antonia Schillinger, Julia Sterk und Lina Stern (alle GG1) zu. Ihre Einreichung befasste sich mit dem Thema &#8222;Unsere Schule &#8211; eine Fairtrade-School&#8220;. Durch eine Fr\u00fchst\u00fccksaktion und durch Flyer haben manche das engagierte Team bereits kennen lernen k\u00f6nnen. Nun sollen weitere fair <!--more-->gehandelte Produkte in der Schule angeboten und das Thema zum Unterrichtsgegenstand werden.<\/p>\n<p>Einen Anerkennungspreis erhielt au\u00dferdem Canija Iseni (VAB2) f\u00fcr die Darstellung seines k\u00fcnstlerischen Lebensweges und seine Violineninterpretation von B\u00e9la Bart\u00f3ks Rhapsodie Nr.1. Das anspruchsvolle St\u00fcck spielte er auch in der Feierstunde dem Publikum vor.<\/p>\n<p>Ein weiterer Anerkennungspreis ging an Mile Atanasow, Sharbel Kourie, Solomon Mihreteab, Jalibamba Suso und Merhawi Tesfalem (alle VABO2), die sich mit Grafittibildern Gedanken zu sozialpolitischen Themen gemacht hatten. Jalibamba Suso stellte hierzu dar, welche Bedeutung f\u00fcr ihn die Einheit unter den Menschen hat. Das UNESCO-Team gratuliert allen Ausgezeichneten.<\/p>\n<p>Ein zus\u00e4tzlicher Akzent wurde durch die Friedenstaube des Aktionsk\u00fcnstlers Richard Hillinger gesetzt. Sie soll als Symbol f\u00fcr das erste Ziel der UNESCO stehen und wurde erstmals in der Schule enth\u00fcllt. Es ist geplant, sie im n\u00e4chsten Schuljahr von Klasse zu Klasse &#8222;fliegen&#8220; zu lassen, um mit ihr neue Gedankenanst\u00f6\u00dfe zum Thema Frieden zu initialisieren.<\/p>\n","protected":false},"excerpt":{"rendered":"<p>In einer Feierstunde wurden die diesj\u00e4hrigen UNESCO-Projektschulpreise \u00fcberreicht. Den ersten Preis sprach die Jury Maximiliane B\u00f6hm, Lena M\u00e4gerle, Antonia Schillinger, Julia Sterk und Lina Stern (alle GG1) zu. Ihre Einreichung befasste sich mit dem Thema &#8222;Unsere Schule &#8211; eine Fairtrade-School&#8220;. Durch eine Fr\u00fchst\u00fccksaktion und durch Flyer haben manche das engagierte Team bereits kennen lernen k\u00f6nnen. &hellip; <a href=\"https:\/\/www.ess-rv.de\/?p=2161\" class=\"more-link\"><span class=\"screen-reader-text\">UNESCO-Projektschulpreis 2015<\/span> weiterlesen <span class=\"meta-nav\">&rarr;<\/span><\/a><\/p>\n","protected":false},"author":3,"featured_media":0,"comment_status":"closed","ping_status":"closed","sticky":false,"template":"","format":"standard","meta":{"footnotes":"","_links_to":"","_links_to_target":""},"categories":[18,47,108],"tags":[93,50,172,137,84],"class_list":["post-2161","post","type-post","status-publish","format-standard","hentry","category-ausserschulische-veranstaltung","category-soziales-engagement","category-umweltschutz","tag-2014-2015","tag-engagement","tag-fairer-handel","tag-umweltschutz","tag-unesco"],"_links":{"self":[{"href":"https:\/\/www.ess-rv.de\/index.php?rest_route=\/wp\/v2\/posts\/2161","targetHints":{"allow":["GET"]}}],"collection":[{"href":"https:\/\/www.ess-rv.de\/index.php?rest_route=\/wp\/v2\/posts"}],"about":[{"href":"https:\/\/www.ess-rv.de\/index.php?rest_route=\/wp\/v2\/types\/post"}],"author":[{"embeddable":true,"href":"https:\/\/www.ess-rv.de\/index.php?rest_route=\/wp\/v2\/users\/3"}],"replies":[{"embeddable":true,"href":"https:\/\/www.ess-rv.de\/index.php?rest_route=%2Fwp%2Fv2%2Fcomments&post=2161"}],"version-history":[{"count":4,"href":"https:\/\/www.ess-rv.de\/index.php?rest_route=\/wp\/v2\/posts\/2161\/revisions"}],"predecessor-version":[{"id":2195,"href":"https:\/\/www.ess-rv.de\/index.php?rest_route=\/wp\/v2\/posts\/2161\/revisions\/2195"}],"wp:attachment":[{"href":"https:\/\/www.ess-rv.de\/index.php?rest_route=%2Fwp%2Fv2%2Fmedia&parent=2161"}],"wp:term":[{"taxonomy":"category","embeddable":true,"href":"https:\/\/www.ess-rv.de\/index.php?rest_route=%2Fwp%2Fv2%2Fcategories&post=2161"},{"taxonomy":"post_tag","embeddable":true,"href":"https:\/\/www.ess-rv.de\/index.php?rest_route=%2Fwp%2Fv2%2Ftags&post=2161"}],"curies":[{"name":"wp","href":"https:\/\/api.w.org\/{rel}","templated":true}]}}