{"id":2163,"date":"2015-07-28T18:05:47","date_gmt":"2015-07-28T17:05:47","guid":{"rendered":"http:\/\/www.ess-rv.de\/?p=2163"},"modified":"2015-08-05T14:16:28","modified_gmt":"2015-08-05T13:16:28","slug":"unesco-sommercamp-in-aalen","status":"publish","type":"post","link":"https:\/\/www.ess-rv.de\/?p=2163","title":{"rendered":"UNESCO-Sommercamp in Aalen"},"content":{"rendered":"<p><img loading=\"lazy\" decoding=\"async\" class=\" size-medium wp-image-2164 alignleft\" src=\"http:\/\/www.ess-rv.de\/wp-content\/uploads\/2015\/07\/spitalstra\u00dfe1024-300x169.jpg\" alt=\"Sch\u00fclerinnen besuchen das UNESCO-Sommercamp in Aalen\" width=\"300\" height=\"169\" srcset=\"https:\/\/www.ess-rv.de\/wp-content\/uploads\/2015\/07\/spitalstra\u00dfe1024-300x169.jpg 300w, https:\/\/www.ess-rv.de\/wp-content\/uploads\/2015\/07\/spitalstra\u00dfe1024.jpg 1024w\" sizes=\"auto, (max-width: 300px) 100vw, 300px\" \/>Auf den Spuren der R\u00f6mer bewegte sich die aus Maxi B\u00f6hm, Martha Grupp, Lena M\u00e4gerle, Julia Sterk und Lina Stern bestehende Delegation der Edith-Stein-Schule beim UNESCO-Sommercamp in Aalen. Dort befindet sich hinter dem Limes ein Museum zum ehemals gr\u00f6\u00dften R\u00f6merkastell n\u00f6rdlich der Alpen mit einer imposanten <!--more-->Kollektion von 20 in Stein gehauenen Kaiserk\u00f6pfen und vielen Exponaten zum damaligen Alltag. Workshops zum lateinischen Alphabet, zu einer M\u00fcnzf\u00e4lscherwerkstatt und zum Leben am Limes erm\u00f6glichten eine Ann\u00e4herung an die Verh\u00e4ltnisse vor fast 2000 Jahren.<\/p>\n<p>\u00dcbernachtet wurde im gastgebenden Theodor-Heuss-Gymnasium, das alles hervorragend organisiert hatte und seinen Projekttag f\u00fcr die Teilnehmer \u00f6ffnete. So konnte man beispielsweise bei einer Trommlergruppe mitmachen, sich \u00fcber fleischlose Ern\u00e4hrung informieren oder sich bei &#8222;Geld regiert die Welt &#8211; um welchen Preis&#8220; engagieren.<\/p>\n<p>Au\u00dferdem gab es Lagerfeuerromantik, die Theaterinszenierung &#8222;Nichts&#8220; von Janne Teller und einen Partyabend im Haus der Jugend. Wir danken dem Theodor-Heuss-Gymnasium f\u00fcr die freundliche Aufnahme, die Begegnungen im UNESCO-Netzwerk und die Erm\u00f6glichung der vielf\u00e4ltigen Erfahrungen.<\/p>\n","protected":false},"excerpt":{"rendered":"<p>Auf den Spuren der R\u00f6mer bewegte sich die aus Maxi B\u00f6hm, Martha Grupp, Lena M\u00e4gerle, Julia Sterk und Lina Stern bestehende Delegation der Edith-Stein-Schule beim UNESCO-Sommercamp in Aalen. Dort befindet sich hinter dem Limes ein Museum zum ehemals gr\u00f6\u00dften R\u00f6merkastell n\u00f6rdlich der Alpen mit einer imposanten<\/p>\n","protected":false},"author":3,"featured_media":0,"comment_status":"closed","ping_status":"closed","sticky":false,"template":"","format":"standard","meta":{"footnotes":"","_links_to":"","_links_to_target":""},"categories":[18,190,163,33],"tags":[93,254,84],"class_list":["post-2163","post","type-post","status-publish","format-standard","hentry","category-ausserschulische-veranstaltung","category-exkursion","category-fortbildung","category-veranstaltung","tag-2014-2015","tag-exkursion","tag-unesco"],"_links":{"self":[{"href":"https:\/\/www.ess-rv.de\/index.php?rest_route=\/wp\/v2\/posts\/2163","targetHints":{"allow":["GET"]}}],"collection":[{"href":"https:\/\/www.ess-rv.de\/index.php?rest_route=\/wp\/v2\/posts"}],"about":[{"href":"https:\/\/www.ess-rv.de\/index.php?rest_route=\/wp\/v2\/types\/post"}],"author":[{"embeddable":true,"href":"https:\/\/www.ess-rv.de\/index.php?rest_route=\/wp\/v2\/users\/3"}],"replies":[{"embeddable":true,"href":"https:\/\/www.ess-rv.de\/index.php?rest_route=%2Fwp%2Fv2%2Fcomments&post=2163"}],"version-history":[{"count":1,"href":"https:\/\/www.ess-rv.de\/index.php?rest_route=\/wp\/v2\/posts\/2163\/revisions"}],"predecessor-version":[{"id":2165,"href":"https:\/\/www.ess-rv.de\/index.php?rest_route=\/wp\/v2\/posts\/2163\/revisions\/2165"}],"wp:attachment":[{"href":"https:\/\/www.ess-rv.de\/index.php?rest_route=%2Fwp%2Fv2%2Fmedia&parent=2163"}],"wp:term":[{"taxonomy":"category","embeddable":true,"href":"https:\/\/www.ess-rv.de\/index.php?rest_route=%2Fwp%2Fv2%2Fcategories&post=2163"},{"taxonomy":"post_tag","embeddable":true,"href":"https:\/\/www.ess-rv.de\/index.php?rest_route=%2Fwp%2Fv2%2Ftags&post=2163"}],"curies":[{"name":"wp","href":"https:\/\/api.w.org\/{rel}","templated":true}]}}