{"id":2212,"date":"2015-07-29T14:12:22","date_gmt":"2015-07-29T13:12:22","guid":{"rendered":"http:\/\/www.ess-rv.de\/?p=2212"},"modified":"2015-08-05T14:14:36","modified_gmt":"2015-08-05T13:14:36","slug":"verabschiedung-unserer-kollegen","status":"publish","type":"post","link":"https:\/\/www.ess-rv.de\/?p=2212","title":{"rendered":"Verabschiedung unserer Kollegen"},"content":{"rendered":"<p>Zum Ende des Schuljahres verabschiedete der Schulleiter, Herr Peter Greiner, insgesamt zw\u00f6lf Lehrerinnen und Lehrer. Das Schulleitungsteam bedankt sich ganz herzlich bei den Kolleginnen und Kollegen f\u00fcr den jahrelangen Einsatz, das entgegengebrachte Vertrauen, die Unterst\u00fctzung und das gro\u00dfe Engagement. Wir w\u00fcnschen Ihnen alles Gute.<\/p>\n","protected":false},"excerpt":{"rendered":"<p>Zum Ende des Schuljahres verabschiedete der Schulleiter, Herr Peter Greiner, insgesamt zw\u00f6lf Lehrerinnen und Lehrer. Das Schulleitungsteam bedankt sich ganz herzlich bei den Kolleginnen und Kollegen f\u00fcr den jahrelangen Einsatz, das entgegengebrachte Vertrauen, die Unterst\u00fctzung und das gro\u00dfe Engagement. Wir w\u00fcnschen Ihnen alles Gute.<\/p>\n","protected":false},"author":3,"featured_media":0,"comment_status":"closed","ping_status":"closed","sticky":false,"template":"","format":"standard","meta":{"footnotes":"","_links_to":"","_links_to_target":""},"categories":[196,33],"tags":[93,128],"class_list":["post-2212","post","type-post","status-publish","format-standard","hentry","category-verabschiedung","category-veranstaltung","tag-2014-2015","tag-kollegium"],"_links":{"self":[{"href":"https:\/\/www.ess-rv.de\/index.php?rest_route=\/wp\/v2\/posts\/2212","targetHints":{"allow":["GET"]}}],"collection":[{"href":"https:\/\/www.ess-rv.de\/index.php?rest_route=\/wp\/v2\/posts"}],"about":[{"href":"https:\/\/www.ess-rv.de\/index.php?rest_route=\/wp\/v2\/types\/post"}],"author":[{"embeddable":true,"href":"https:\/\/www.ess-rv.de\/index.php?rest_route=\/wp\/v2\/users\/3"}],"replies":[{"embeddable":true,"href":"https:\/\/www.ess-rv.de\/index.php?rest_route=%2Fwp%2Fv2%2Fcomments&post=2212"}],"version-history":[{"count":1,"href":"https:\/\/www.ess-rv.de\/index.php?rest_route=\/wp\/v2\/posts\/2212\/revisions"}],"predecessor-version":[{"id":2213,"href":"https:\/\/www.ess-rv.de\/index.php?rest_route=\/wp\/v2\/posts\/2212\/revisions\/2213"}],"wp:attachment":[{"href":"https:\/\/www.ess-rv.de\/index.php?rest_route=%2Fwp%2Fv2%2Fmedia&parent=2212"}],"wp:term":[{"taxonomy":"category","embeddable":true,"href":"https:\/\/www.ess-rv.de\/index.php?rest_route=%2Fwp%2Fv2%2Fcategories&post=2212"},{"taxonomy":"post_tag","embeddable":true,"href":"https:\/\/www.ess-rv.de\/index.php?rest_route=%2Fwp%2Fv2%2Ftags&post=2212"}],"curies":[{"name":"wp","href":"https:\/\/api.w.org\/{rel}","templated":true}]}}