{"id":2495,"date":"2015-09-26T14:27:34","date_gmt":"2015-09-26T13:27:34","guid":{"rendered":"http:\/\/www.ess-rv.de\/?p=2495"},"modified":"2015-09-26T14:27:34","modified_gmt":"2015-09-26T13:27:34","slug":"vom-seminarkurs-zur-eigenen-ausstellung","status":"publish","type":"post","link":"https:\/\/www.ess-rv.de\/?p=2495","title":{"rendered":"Vom Seminarkurs zur eigenen Ausstellung"},"content":{"rendered":"<p>Nach der Abschlusspr\u00e4sentation ist f\u00fcr Michelle Kheir und Corinna Prosche noch lang nicht Schluss. Ein Jahr lang arbeiteten sie zum Thema Flucht und Asyl f\u00fcr ihre Seminararbeit. Nun hielten sie am 22. September 2015 im Mehrgenerationenhaus G\u00e4nsb\u00fchl einen Informationsvortrag f\u00fcr B\u00fcrger, die sich grundlegend \u00fcber das Thema Asyl informieren wollten. Bis zum 29. Januar 2016 sind ihre kundigen und ber\u00fchrenden Texte noch bei der Fotoausstellung des Arbeitskreises Asyl Ravensburg-Weingarten in der Herrenstra\u00dfe 43 zu lesen.<\/p>\n","protected":false},"excerpt":{"rendered":"<p>Nach der Abschlusspr\u00e4sentation ist f\u00fcr Michelle Kheir und Corinna Prosche noch lang nicht Schluss. Ein Jahr lang arbeiteten sie zum Thema Flucht und Asyl f\u00fcr ihre Seminararbeit. Nun hielten sie am 22. September 2015 im Mehrgenerationenhaus G\u00e4nsb\u00fchl einen Informationsvortrag f\u00fcr B\u00fcrger, die sich grundlegend \u00fcber das Thema Asyl informieren wollten. Bis zum 29. Januar 2016 &hellip; <a href=\"https:\/\/www.ess-rv.de\/?p=2495\" class=\"more-link\"><span class=\"screen-reader-text\">Vom Seminarkurs zur eigenen Ausstellung<\/span> weiterlesen <span class=\"meta-nav\">&rarr;<\/span><\/a><\/p>\n","protected":false},"author":3,"featured_media":0,"comment_status":"closed","ping_status":"closed","sticky":false,"template":"","format":"standard","meta":{"footnotes":"","_links_to":"","_links_to_target":""},"categories":[18,194,29,2,203,47,33],"tags":[331,206,50,49,195,191],"class_list":["post-2495","post","type-post","status-publish","format-standard","hentry","category-ausserschulische-veranstaltung","category-ausstellung","category-berufliche-gymnasien","category-bildungsangebot","category-sg","category-soziales-engagement","category-veranstaltung","tag-2015-2016","tag-ausstellung","tag-engagement","tag-ravensburg","tag-seminarkurs","tag-sg"],"_links":{"self":[{"href":"https:\/\/www.ess-rv.de\/index.php?rest_route=\/wp\/v2\/posts\/2495","targetHints":{"allow":["GET"]}}],"collection":[{"href":"https:\/\/www.ess-rv.de\/index.php?rest_route=\/wp\/v2\/posts"}],"about":[{"href":"https:\/\/www.ess-rv.de\/index.php?rest_route=\/wp\/v2\/types\/post"}],"author":[{"embeddable":true,"href":"https:\/\/www.ess-rv.de\/index.php?rest_route=\/wp\/v2\/users\/3"}],"replies":[{"embeddable":true,"href":"https:\/\/www.ess-rv.de\/index.php?rest_route=%2Fwp%2Fv2%2Fcomments&post=2495"}],"version-history":[{"count":1,"href":"https:\/\/www.ess-rv.de\/index.php?rest_route=\/wp\/v2\/posts\/2495\/revisions"}],"predecessor-version":[{"id":2496,"href":"https:\/\/www.ess-rv.de\/index.php?rest_route=\/wp\/v2\/posts\/2495\/revisions\/2496"}],"wp:attachment":[{"href":"https:\/\/www.ess-rv.de\/index.php?rest_route=%2Fwp%2Fv2%2Fmedia&parent=2495"}],"wp:term":[{"taxonomy":"category","embeddable":true,"href":"https:\/\/www.ess-rv.de\/index.php?rest_route=%2Fwp%2Fv2%2Fcategories&post=2495"},{"taxonomy":"post_tag","embeddable":true,"href":"https:\/\/www.ess-rv.de\/index.php?rest_route=%2Fwp%2Fv2%2Ftags&post=2495"}],"curies":[{"name":"wp","href":"https:\/\/api.w.org\/{rel}","templated":true}]}}