{"id":2526,"date":"2015-09-30T09:11:19","date_gmt":"2015-09-30T08:11:19","guid":{"rendered":"http:\/\/www.ess-rv.de\/?p=2526"},"modified":"2015-09-30T09:11:19","modified_gmt":"2015-09-30T08:11:19","slug":"bald-25-jahre","status":"publish","type":"post","link":"https:\/\/www.ess-rv.de\/?p=2526","title":{"rendered":"Bald 25 Jahre&#8230;"},"content":{"rendered":"<p><a href=\"http:\/\/www.ess-rv.de\/wp-content\/uploads\/2015\/09\/P1000993.jpg\"><img loading=\"lazy\" decoding=\"async\" class=\"alignleft size-medium wp-image-2528\" src=\"http:\/\/www.ess-rv.de\/wp-content\/uploads\/2015\/09\/P1000993-300x225.jpg\" alt=\"Bald 25 Jahre... Und das Kinderregenwaldteam macht engagiert weiter wie z. B. am vergangenen Samstag auf dem Marienplatz\" width=\"300\" height=\"225\" srcset=\"https:\/\/www.ess-rv.de\/wp-content\/uploads\/2015\/09\/P1000993-300x225.jpg 300w, https:\/\/www.ess-rv.de\/wp-content\/uploads\/2015\/09\/P1000993.jpg 640w\" sizes=\"auto, (max-width: 300px) 100vw, 300px\" \/><\/a>So lange setzt sich das Kinderregenwaldteam schon f\u00fcr den Erhalt der tropischen Regenw\u00e4lder ein.\u00a0Vergangenen Samstag sammelten wir wieder einmal Spenden auf dem Marienplatz \u2013 wie immer zusammen mit den \u201eKakadus\u201c der Kuppelnauschule. Mehr als 20 SG- und GG-Sch\u00fclerinnen unterst\u00fctzten die Grundsch\u00fcler mit gro\u00dfem Einsatz. Das Ergebnis: stolze \u20ac 1.153,60, mit denen neue Regenwaldfl\u00e4chen gekauft werden k\u00f6nnen. Danke!<\/p>\n","protected":false},"excerpt":{"rendered":"<p>So lange setzt sich das Kinderregenwaldteam schon f\u00fcr den Erhalt der tropischen Regenw\u00e4lder ein.\u00a0Vergangenen Samstag sammelten wir wieder einmal Spenden auf dem Marienplatz \u2013 wie immer zusammen mit den \u201eKakadus\u201c der Kuppelnauschule. Mehr als 20 SG- und GG-Sch\u00fclerinnen unterst\u00fctzten die Grundsch\u00fcler mit gro\u00dfem Einsatz. Das Ergebnis: stolze \u20ac 1.153,60, mit denen neue Regenwaldfl\u00e4chen gekauft werden &hellip; <a href=\"https:\/\/www.ess-rv.de\/?p=2526\" class=\"more-link\"><span class=\"screen-reader-text\">Bald 25 Jahre&#8230;<\/span> weiterlesen <span class=\"meta-nav\">&rarr;<\/span><\/a><\/p>\n","protected":false},"author":3,"featured_media":0,"comment_status":"closed","ping_status":"closed","sticky":false,"template":"","format":"standard","meta":{"footnotes":"","_links_to":"","_links_to_target":""},"categories":[18,29,2,202,203,108],"tags":[331,110,49,144],"class_list":["post-2526","post","type-post","status-publish","format-standard","hentry","category-ausserschulische-veranstaltung","category-berufliche-gymnasien","category-bildungsangebot","category-gg","category-sg","category-umweltschutz","tag-2015-2016","tag-kinderregenwald","tag-ravensburg","tag-spenden"],"_links":{"self":[{"href":"https:\/\/www.ess-rv.de\/index.php?rest_route=\/wp\/v2\/posts\/2526","targetHints":{"allow":["GET"]}}],"collection":[{"href":"https:\/\/www.ess-rv.de\/index.php?rest_route=\/wp\/v2\/posts"}],"about":[{"href":"https:\/\/www.ess-rv.de\/index.php?rest_route=\/wp\/v2\/types\/post"}],"author":[{"embeddable":true,"href":"https:\/\/www.ess-rv.de\/index.php?rest_route=\/wp\/v2\/users\/3"}],"replies":[{"embeddable":true,"href":"https:\/\/www.ess-rv.de\/index.php?rest_route=%2Fwp%2Fv2%2Fcomments&post=2526"}],"version-history":[{"count":1,"href":"https:\/\/www.ess-rv.de\/index.php?rest_route=\/wp\/v2\/posts\/2526\/revisions"}],"predecessor-version":[{"id":2529,"href":"https:\/\/www.ess-rv.de\/index.php?rest_route=\/wp\/v2\/posts\/2526\/revisions\/2529"}],"wp:attachment":[{"href":"https:\/\/www.ess-rv.de\/index.php?rest_route=%2Fwp%2Fv2%2Fmedia&parent=2526"}],"wp:term":[{"taxonomy":"category","embeddable":true,"href":"https:\/\/www.ess-rv.de\/index.php?rest_route=%2Fwp%2Fv2%2Fcategories&post=2526"},{"taxonomy":"post_tag","embeddable":true,"href":"https:\/\/www.ess-rv.de\/index.php?rest_route=%2Fwp%2Fv2%2Ftags&post=2526"}],"curies":[{"name":"wp","href":"https:\/\/api.w.org\/{rel}","templated":true}]}}