{"id":2582,"date":"2015-10-15T08:51:19","date_gmt":"2015-10-15T07:51:19","guid":{"rendered":"http:\/\/www.ess-rv.de\/?p=2582"},"modified":"2015-11-04T13:01:31","modified_gmt":"2015-11-04T12:01:31","slug":"ausstellung-nothilfe-fuer-kinder","status":"publish","type":"post","link":"https:\/\/www.ess-rv.de\/?p=2582","title":{"rendered":"Ausstellung: Nothilfe f\u00fcr Kinder"},"content":{"rendered":"<p><a href=\"http:\/\/www.ess-rv.de\/wp-content\/uploads\/2015\/10\/ausstellung-nothilfe-fuer-kinder-2015.jpg\"><img loading=\"lazy\" decoding=\"async\" class=\"alignright wp-image-2583 size-thumbnail\" src=\"http:\/\/www.ess-rv.de\/wp-content\/uploads\/2015\/10\/ausstellung-nothilfe-fuer-kinder-2015-180x180.jpg\" alt=\"Nothilfe f\u00fcr Kinder - eine Ausstellung von UNICEF an der Edith-Stein-Schule\" width=\"180\" height=\"180\" \/><\/a>Krieg und Konflikte, Naturkatastrophen und Hungerkrisen bedrohen weltweit Millionen Kinder. UNICEF ist vor Ort, mit Entwicklungsprogrammen und eigenen Mitarbeitern in so gut wie jedem Land der Erde. Im Krisenfall k\u00f6nnen sie schnell zus\u00e4tzliche Hilfsg\u00fcter ins Land bringen und einheimische Partner aktivieren. Ist die gr\u00f6\u00dfte Not gelindert, verbessert UNICEF die Lage der Familien langfristig.<\/p>\n<p>Die Ausstellung ist vom 15. Oktover bis 3. Dezember 2015 im Lichthof am Standort Ravensburg aufgebaut.<\/p>\n","protected":false},"excerpt":{"rendered":"<p>Krieg und Konflikte, Naturkatastrophen und Hungerkrisen bedrohen weltweit Millionen Kinder. UNICEF ist vor Ort, mit Entwicklungsprogrammen und eigenen Mitarbeitern in so gut wie jedem Land der Erde. Im Krisenfall k\u00f6nnen sie schnell zus\u00e4tzliche Hilfsg\u00fcter ins Land bringen und einheimische Partner aktivieren. Ist die gr\u00f6\u00dfte Not gelindert, verbessert UNICEF die Lage der Familien langfristig. Die Ausstellung &hellip; <a href=\"https:\/\/www.ess-rv.de\/?p=2582\" class=\"more-link\"><span class=\"screen-reader-text\">Ausstellung: Nothilfe f\u00fcr Kinder<\/span> weiterlesen <span class=\"meta-nav\">&rarr;<\/span><\/a><\/p>\n","protected":false},"author":3,"featured_media":0,"comment_status":"closed","ping_status":"closed","sticky":false,"template":"","format":"standard","meta":{"footnotes":"","_links_to":"","_links_to_target":""},"categories":[194,2,33],"tags":[331,206,49],"class_list":["post-2582","post","type-post","status-publish","format-standard","hentry","category-ausstellung","category-bildungsangebot","category-veranstaltung","tag-2015-2016","tag-ausstellung","tag-ravensburg"],"_links":{"self":[{"href":"https:\/\/www.ess-rv.de\/index.php?rest_route=\/wp\/v2\/posts\/2582","targetHints":{"allow":["GET"]}}],"collection":[{"href":"https:\/\/www.ess-rv.de\/index.php?rest_route=\/wp\/v2\/posts"}],"about":[{"href":"https:\/\/www.ess-rv.de\/index.php?rest_route=\/wp\/v2\/types\/post"}],"author":[{"embeddable":true,"href":"https:\/\/www.ess-rv.de\/index.php?rest_route=\/wp\/v2\/users\/3"}],"replies":[{"embeddable":true,"href":"https:\/\/www.ess-rv.de\/index.php?rest_route=%2Fwp%2Fv2%2Fcomments&post=2582"}],"version-history":[{"count":5,"href":"https:\/\/www.ess-rv.de\/index.php?rest_route=\/wp\/v2\/posts\/2582\/revisions"}],"predecessor-version":[{"id":2649,"href":"https:\/\/www.ess-rv.de\/index.php?rest_route=\/wp\/v2\/posts\/2582\/revisions\/2649"}],"wp:attachment":[{"href":"https:\/\/www.ess-rv.de\/index.php?rest_route=%2Fwp%2Fv2%2Fmedia&parent=2582"}],"wp:term":[{"taxonomy":"category","embeddable":true,"href":"https:\/\/www.ess-rv.de\/index.php?rest_route=%2Fwp%2Fv2%2Fcategories&post=2582"},{"taxonomy":"post_tag","embeddable":true,"href":"https:\/\/www.ess-rv.de\/index.php?rest_route=%2Fwp%2Fv2%2Ftags&post=2582"}],"curies":[{"name":"wp","href":"https:\/\/api.w.org\/{rel}","templated":true}]}}