{"id":2652,"date":"2015-11-06T09:04:51","date_gmt":"2015-11-06T08:04:51","guid":{"rendered":"http:\/\/www.ess-rv.de\/?p=2652"},"modified":"2015-11-06T09:04:51","modified_gmt":"2015-11-06T08:04:51","slug":"2bfhk2-slamt-in-der-linse","status":"publish","type":"post","link":"https:\/\/www.ess-rv.de\/?p=2652","title":{"rendered":"2BFHK2 slamt in der Linse"},"content":{"rendered":"<div id='gallery-1' class='gallery galleryid-2652 gallery-columns-3 gallery-size-thumbnail'><figure class='gallery-item'>\n\t\t\t<div class='gallery-icon portrait'>\n\t\t\t\t<a href='https:\/\/www.ess-rv.de\/wp-content\/uploads\/2015\/11\/DSC07559.jpg'><img loading=\"lazy\" decoding=\"async\" width=\"180\" height=\"180\" src=\"https:\/\/www.ess-rv.de\/wp-content\/uploads\/2015\/11\/DSC07559-180x180.jpg\" class=\"attachment-thumbnail size-thumbnail\" alt=\"\" \/><\/a>\n\t\t\t<\/div><\/figure><figure class='gallery-item'>\n\t\t\t<div class='gallery-icon landscape'>\n\t\t\t\t<a href='https:\/\/www.ess-rv.de\/wp-content\/uploads\/2015\/11\/DSC07560.jpg'><img loading=\"lazy\" decoding=\"async\" width=\"180\" height=\"180\" src=\"https:\/\/www.ess-rv.de\/wp-content\/uploads\/2015\/11\/DSC07560-180x180.jpg\" class=\"attachment-thumbnail size-thumbnail\" alt=\"\" \/><\/a>\n\t\t\t<\/div><\/figure><figure class='gallery-item'>\n\t\t\t<div class='gallery-icon landscape'>\n\t\t\t\t<a href='https:\/\/www.ess-rv.de\/wp-content\/uploads\/2015\/11\/DSC07561.jpg'><img loading=\"lazy\" decoding=\"async\" width=\"180\" height=\"180\" src=\"https:\/\/www.ess-rv.de\/wp-content\/uploads\/2015\/11\/DSC07561-180x180.jpg\" class=\"attachment-thumbnail size-thumbnail\" alt=\"\" \/><\/a>\n\t\t\t<\/div><\/figure>\n\t\t<\/div>\n\n<p>Am 27. Oktober 2015 nahm die Klasse im Rahmen der Sch\u00fcler-Poetry-Slam-Wochen an eimen Workshop im Jugendhaus Ravensburg teil. Veranstaltet wurde dieser vom Verein &#8222;Sprachmaechtig&#8220;, angeleitet wurden die Sch\u00fclerinnen und Sch\u00fcler von den Poetry-Slam-Szenegr\u00f6\u00dfen Pauline Fl\u00fcg und Toby Heyel. Die beiden begeisterten die Sch\u00fclerinnen und Sch\u00fcler zun\u00e4chst mit <!--more-->einer Darbietung ihrer Texte im Duett und leiteten sie daraufhin an, ihre Meinungen und Gef\u00fchle zum Thema &#8222;Fremdsein in einer Stadt&#8220; auf kreative Weise aufzuschreiben und auch darzubieten. Mit gro\u00dfem Eifer arbeiteten und feilten alle an ihren Texten und trugen sie zum Abschluss des Nachmittags ebenfalls im Duett vor.<\/p>\n<p>Zwei Sch\u00fclerinnen traten schlie\u00dflich am 29.10. in der Linse in Weingarten zusammen mit anderen Sch\u00fclerinnen und Sch\u00fclern verschiedener Ravensburger Schulen bei einer abendlichen Abschlussveranstaltung zu den Poetry-Slam-Wochen auf und pr\u00e4sentierten souver\u00e4n ihren gelungenen Text. Ein gro\u00dfer Applaus belohnte ihren Mut.<\/p>\n","protected":false},"excerpt":{"rendered":"<p>Am 27. Oktober 2015 nahm die Klasse im Rahmen der Sch\u00fcler-Poetry-Slam-Wochen an eimen Workshop im Jugendhaus Ravensburg teil. Veranstaltet wurde dieser vom Verein &#8222;Sprachmaechtig&#8220;, angeleitet wurden die Sch\u00fclerinnen und Sch\u00fcler von den Poetry-Slam-Szenegr\u00f6\u00dfen Pauline Fl\u00fcg und Toby Heyel. Die beiden begeisterten die Sch\u00fclerinnen und Sch\u00fcler zun\u00e4chst mit<\/p>\n","protected":false},"author":3,"featured_media":0,"comment_status":"closed","ping_status":"closed","sticky":false,"template":"","format":"standard","meta":{"footnotes":"","_links_to":"","_links_to_target":""},"categories":[18,30,2,65,33],"tags":[331,352],"class_list":["post-2652","post","type-post","status-publish","format-standard","hentry","category-ausserschulische-veranstaltung","category-berufsfachschule","category-bildungsangebot","category-theater","category-veranstaltung","tag-2015-2016","tag-poetry-slam"],"_links":{"self":[{"href":"https:\/\/www.ess-rv.de\/index.php?rest_route=\/wp\/v2\/posts\/2652","targetHints":{"allow":["GET"]}}],"collection":[{"href":"https:\/\/www.ess-rv.de\/index.php?rest_route=\/wp\/v2\/posts"}],"about":[{"href":"https:\/\/www.ess-rv.de\/index.php?rest_route=\/wp\/v2\/types\/post"}],"author":[{"embeddable":true,"href":"https:\/\/www.ess-rv.de\/index.php?rest_route=\/wp\/v2\/users\/3"}],"replies":[{"embeddable":true,"href":"https:\/\/www.ess-rv.de\/index.php?rest_route=%2Fwp%2Fv2%2Fcomments&post=2652"}],"version-history":[{"count":1,"href":"https:\/\/www.ess-rv.de\/index.php?rest_route=\/wp\/v2\/posts\/2652\/revisions"}],"predecessor-version":[{"id":2657,"href":"https:\/\/www.ess-rv.de\/index.php?rest_route=\/wp\/v2\/posts\/2652\/revisions\/2657"}],"wp:attachment":[{"href":"https:\/\/www.ess-rv.de\/index.php?rest_route=%2Fwp%2Fv2%2Fmedia&parent=2652"}],"wp:term":[{"taxonomy":"category","embeddable":true,"href":"https:\/\/www.ess-rv.de\/index.php?rest_route=%2Fwp%2Fv2%2Fcategories&post=2652"},{"taxonomy":"post_tag","embeddable":true,"href":"https:\/\/www.ess-rv.de\/index.php?rest_route=%2Fwp%2Fv2%2Ftags&post=2652"}],"curies":[{"name":"wp","href":"https:\/\/api.w.org\/{rel}","templated":true}]}}