{"id":2691,"date":"2015-11-15T10:37:21","date_gmt":"2015-11-15T09:37:21","guid":{"rendered":"http:\/\/www.ess-rv.de\/?p=2691"},"modified":"2015-11-15T10:38:12","modified_gmt":"2015-11-15T09:38:12","slug":"edith-stein-schule-empfaengt-einen-besonderen-gast","status":"publish","type":"post","link":"https:\/\/www.ess-rv.de\/?p=2691","title":{"rendered":"Edith-Stein-Schule empf\u00e4ngt einen besonderen Gast"},"content":{"rendered":"<div id='gallery-1' class='gallery galleryid-2691 gallery-columns-3 gallery-size-thumbnail'><figure class='gallery-item'>\n\t\t\t<div class='gallery-icon landscape'>\n\t\t\t\t<a href='https:\/\/www.ess-rv.de\/wp-content\/uploads\/2015\/11\/P1150089.jpg'><img loading=\"lazy\" decoding=\"async\" width=\"180\" height=\"180\" src=\"https:\/\/www.ess-rv.de\/wp-content\/uploads\/2015\/11\/P1150089-180x180.jpg\" class=\"attachment-thumbnail size-thumbnail\" alt=\"\" \/><\/a>\n\t\t\t<\/div><\/figure><figure class='gallery-item'>\n\t\t\t<div class='gallery-icon landscape'>\n\t\t\t\t<a href='https:\/\/www.ess-rv.de\/wp-content\/uploads\/2015\/11\/P1150090.jpg'><img loading=\"lazy\" decoding=\"async\" width=\"180\" height=\"180\" src=\"https:\/\/www.ess-rv.de\/wp-content\/uploads\/2015\/11\/P1150090-180x180.jpg\" class=\"attachment-thumbnail size-thumbnail\" alt=\"\" \/><\/a>\n\t\t\t<\/div><\/figure><figure class='gallery-item'>\n\t\t\t<div class='gallery-icon landscape'>\n\t\t\t\t<a href='https:\/\/www.ess-rv.de\/wp-content\/uploads\/2015\/11\/P1150088.jpg'><img loading=\"lazy\" decoding=\"async\" width=\"180\" height=\"180\" src=\"https:\/\/www.ess-rv.de\/wp-content\/uploads\/2015\/11\/P1150088-180x180.jpg\" class=\"attachment-thumbnail size-thumbnail\" alt=\"\" \/><\/a>\n\t\t\t<\/div><\/figure>\n\t\t<\/div>\n\n<p>Am 12. November 2015 konnte die Edith-Stein-Schule an beiden Standorten den aus Printmedien und Rundfunk bekannten Journalisten Andreas Zumach als Gast begr\u00fc\u00dfen. W\u00e4hrend seines sehr sch\u00fclernahen Vortrags mit anschlie\u00dfender Fragerunde nahm Herr Zumach zum aktuellen Fl\u00fcchtlingsproblem Stellung. Dabei erfuhren die Sch\u00fclerinnen und Sch\u00fcler, <!--more-->wieviel Menschen auf der ganzen Erde \u00fcberhaupt Fl\u00fcchtlinge sind und in welchen Regionen sich der Gro\u00dfteil der Fl\u00fcchtlinge aufh\u00e4lt. Auch die Ursachen des aktuellen Fl\u00fcchtlingsstroms nach Deutschland wurden sehr ausf\u00fchrlich thematisiert. Ausgehend von den unterschiedlichen historischen Vorbedingungen in Europa und den Krisenregionen im vorderen Orient entfaltete Herr Zumach die Problematik und konnte dabei aus erster Hand berichten, da er die Krisenregionen im Rahmen seiner T\u00e4tigkeit als Journalist immer wieder bereist. Die Sch\u00fclerinnen und Sch\u00fcler zeigten sich nach der Veranstaltung sehr beeindruckt und begeistert.<\/p>\n<p>Herr Zumach arbeitet am europ\u00e4ischen Hauptsitz der Vereinten Nationen in Genf als Korrespondent f\u00fcr Zeitungen und Rundfunkanstalten und besch\u00e4ftigt sich v.a. mit V\u00f6lkerrecht, Menschenrechts- und Sicherheitspolitik.<\/p>\n","protected":false},"excerpt":{"rendered":"<p>Am 12. November 2015 konnte die Edith-Stein-Schule an beiden Standorten den aus Printmedien und Rundfunk bekannten Journalisten Andreas Zumach als Gast begr\u00fc\u00dfen. W\u00e4hrend seines sehr sch\u00fclernahen Vortrags mit anschlie\u00dfender Fragerunde nahm Herr Zumach zum aktuellen Fl\u00fcchtlingsproblem Stellung. Dabei erfuhren die Sch\u00fclerinnen und Sch\u00fcler,<\/p>\n","protected":false},"author":3,"featured_media":0,"comment_status":"closed","ping_status":"closed","sticky":false,"template":"","format":"standard","meta":{"footnotes":"","_links_to":"","_links_to_target":""},"categories":[18,29,2,197,198,33,186],"tags":[331,70,49,184],"class_list":["post-2691","post","type-post","status-publish","format-standard","hentry","category-ausserschulische-veranstaltung","category-berufliche-gymnasien","category-bildungsangebot","category-standort-aulendorf","category-standort-ravensburg","category-veranstaltung","category-vortrag","tag-2015-2016","tag-aulendorf","tag-ravensburg","tag-vortrag"],"_links":{"self":[{"href":"https:\/\/www.ess-rv.de\/index.php?rest_route=\/wp\/v2\/posts\/2691","targetHints":{"allow":["GET"]}}],"collection":[{"href":"https:\/\/www.ess-rv.de\/index.php?rest_route=\/wp\/v2\/posts"}],"about":[{"href":"https:\/\/www.ess-rv.de\/index.php?rest_route=\/wp\/v2\/types\/post"}],"author":[{"embeddable":true,"href":"https:\/\/www.ess-rv.de\/index.php?rest_route=\/wp\/v2\/users\/3"}],"replies":[{"embeddable":true,"href":"https:\/\/www.ess-rv.de\/index.php?rest_route=%2Fwp%2Fv2%2Fcomments&post=2691"}],"version-history":[{"count":2,"href":"https:\/\/www.ess-rv.de\/index.php?rest_route=\/wp\/v2\/posts\/2691\/revisions"}],"predecessor-version":[{"id":2696,"href":"https:\/\/www.ess-rv.de\/index.php?rest_route=\/wp\/v2\/posts\/2691\/revisions\/2696"}],"wp:attachment":[{"href":"https:\/\/www.ess-rv.de\/index.php?rest_route=%2Fwp%2Fv2%2Fmedia&parent=2691"}],"wp:term":[{"taxonomy":"category","embeddable":true,"href":"https:\/\/www.ess-rv.de\/index.php?rest_route=%2Fwp%2Fv2%2Fcategories&post=2691"},{"taxonomy":"post_tag","embeddable":true,"href":"https:\/\/www.ess-rv.de\/index.php?rest_route=%2Fwp%2Fv2%2Ftags&post=2691"}],"curies":[{"name":"wp","href":"https:\/\/api.w.org\/{rel}","templated":true}]}}