{"id":2699,"date":"2015-11-16T14:34:11","date_gmt":"2015-11-16T13:34:11","guid":{"rendered":"http:\/\/www.ess-rv.de\/?p=2699"},"modified":"2015-11-16T14:34:44","modified_gmt":"2015-11-16T13:34:44","slug":"betriebliche-mitbestimmung-aus-erster-hand","status":"publish","type":"post","link":"https:\/\/www.ess-rv.de\/?p=2699","title":{"rendered":"Betriebliche Mitbestimmung aus erster Hand"},"content":{"rendered":"<p><a href=\"http:\/\/www.ess-rv.de\/wp-content\/uploads\/2015\/11\/IMG_2581.jpg\"><img loading=\"lazy\" decoding=\"async\" class=\"alignright size-medium wp-image-2700\" src=\"http:\/\/www.ess-rv.de\/wp-content\/uploads\/2015\/11\/IMG_2581-300x225.jpg\" alt=\" Vortrag von Herrn Sing am letzten Freitag zur betrieblichen Mitbestimmung beim ZfP in Bad Schussenried (Foto: Christopher Kabitzsch)\" width=\"300\" height=\"225\" srcset=\"https:\/\/www.ess-rv.de\/wp-content\/uploads\/2015\/11\/IMG_2581-300x225.jpg 300w, https:\/\/www.ess-rv.de\/wp-content\/uploads\/2015\/11\/IMG_2581-1024x768.jpg 1024w\" sizes=\"auto, (max-width: 300px) 100vw, 300px\" \/><\/a>Auf Einladung des Fachlehrers Christopher Kabitzsch hat der Betriebsrat des Zentrums f\u00fcr Psychiatrie (ZfP) in Bad Schussenried Bruno Sing am Freitag, den 13.11.2015 in der Eingangsklasse der Kaufleute im Gesundheitswesen (W1GK1) \u00fcber die betriebliche Mitbestimmung referiert. In seinem praxisbezogenen Vortrag berichtete <!--more-->Herr Sing sehr anschaulich und kompetent \u00fcber die Aufgaben, T\u00e4tigkeiten, Schwierigkeiten und Chancen der Betriebsratst\u00e4tigkeit im Allgemeinen und konkret am ZfP. Auch die Aufgaben und Arbeit der Jugend- und Auszubildendenvertretung wurde thematisiert und die anwesenden Auszubildende ermutigt, sich in ihren Betrieben in diesem Gremium zu engagieren. Die Edith-Stein-Schule am Standort Aulendorf bedankt sich beim ZfP Bad Schussenried und vor allem bei Herrn Sing f\u00fcr diesen gelungenen Beitrag zur Lernortkooperation Schule \u2013 Betrieb.<\/p>\n","protected":false},"excerpt":{"rendered":"<p>Auf Einladung des Fachlehrers Christopher Kabitzsch hat der Betriebsrat des Zentrums f\u00fcr Psychiatrie (ZfP) in Bad Schussenried Bruno Sing am Freitag, den 13.11.2015 in der Eingangsklasse der Kaufleute im Gesundheitswesen (W1GK1) \u00fcber die betriebliche Mitbestimmung referiert. In seinem praxisbezogenen Vortrag berichtete<\/p>\n","protected":false},"author":3,"featured_media":0,"comment_status":"closed","ping_status":"closed","sticky":false,"template":"","format":"standard","meta":{"footnotes":"","_links_to":"","_links_to_target":""},"categories":[40,236,197,33,186],"tags":[331,70,54,240,184],"class_list":["post-2699","post","type-post","status-publish","format-standard","hentry","category-berufsschule","category-gk","category-standort-aulendorf","category-veranstaltung","category-vortrag","tag-2015-2016","tag-aulendorf","tag-berufsschule","tag-gk","tag-vortrag"],"_links":{"self":[{"href":"https:\/\/www.ess-rv.de\/index.php?rest_route=\/wp\/v2\/posts\/2699","targetHints":{"allow":["GET"]}}],"collection":[{"href":"https:\/\/www.ess-rv.de\/index.php?rest_route=\/wp\/v2\/posts"}],"about":[{"href":"https:\/\/www.ess-rv.de\/index.php?rest_route=\/wp\/v2\/types\/post"}],"author":[{"embeddable":true,"href":"https:\/\/www.ess-rv.de\/index.php?rest_route=\/wp\/v2\/users\/3"}],"replies":[{"embeddable":true,"href":"https:\/\/www.ess-rv.de\/index.php?rest_route=%2Fwp%2Fv2%2Fcomments&post=2699"}],"version-history":[{"count":2,"href":"https:\/\/www.ess-rv.de\/index.php?rest_route=\/wp\/v2\/posts\/2699\/revisions"}],"predecessor-version":[{"id":2702,"href":"https:\/\/www.ess-rv.de\/index.php?rest_route=\/wp\/v2\/posts\/2699\/revisions\/2702"}],"wp:attachment":[{"href":"https:\/\/www.ess-rv.de\/index.php?rest_route=%2Fwp%2Fv2%2Fmedia&parent=2699"}],"wp:term":[{"taxonomy":"category","embeddable":true,"href":"https:\/\/www.ess-rv.de\/index.php?rest_route=%2Fwp%2Fv2%2Fcategories&post=2699"},{"taxonomy":"post_tag","embeddable":true,"href":"https:\/\/www.ess-rv.de\/index.php?rest_route=%2Fwp%2Fv2%2Ftags&post=2699"}],"curies":[{"name":"wp","href":"https:\/\/api.w.org\/{rel}","templated":true}]}}