{"id":2703,"date":"2015-11-20T08:53:22","date_gmt":"2015-11-20T07:53:22","guid":{"rendered":"http:\/\/www.ess-rv.de\/?p=2703"},"modified":"2016-01-29T10:52:16","modified_gmt":"2016-01-29T09:52:16","slug":"60-schueler-pflanzen-72-neue-baeume","status":"publish","type":"post","link":"https:\/\/www.ess-rv.de\/?p=2703","title":{"rendered":"60 Sch\u00fcler pflanzen 72 neue B\u00e4ume"},"content":{"rendered":"<div id='gallery-1' class='gallery galleryid-2703 gallery-columns-3 gallery-size-thumbnail'><figure class='gallery-item'>\n\t\t\t<div class='gallery-icon landscape'>\n\t\t\t\t<a href='https:\/\/www.ess-rv.de\/wp-content\/uploads\/2015\/11\/IMG_9389.jpg'><img loading=\"lazy\" decoding=\"async\" width=\"180\" height=\"180\" src=\"https:\/\/www.ess-rv.de\/wp-content\/uploads\/2015\/11\/IMG_9389-180x180.jpg\" class=\"attachment-thumbnail size-thumbnail\" alt=\"\" \/><\/a>\n\t\t\t<\/div><\/figure><figure class='gallery-item'>\n\t\t\t<div class='gallery-icon landscape'>\n\t\t\t\t<a href='https:\/\/www.ess-rv.de\/wp-content\/uploads\/2015\/11\/P1010190.jpg'><img loading=\"lazy\" decoding=\"async\" width=\"180\" height=\"180\" src=\"https:\/\/www.ess-rv.de\/wp-content\/uploads\/2015\/11\/P1010190-180x180.jpg\" class=\"attachment-thumbnail size-thumbnail\" alt=\"\" \/><\/a>\n\t\t\t<\/div><\/figure><figure class='gallery-item'>\n\t\t\t<div class='gallery-icon landscape'>\n\t\t\t\t<a href='https:\/\/www.ess-rv.de\/wp-content\/uploads\/2015\/11\/P1010200.jpg'><img loading=\"lazy\" decoding=\"async\" width=\"180\" height=\"180\" src=\"https:\/\/www.ess-rv.de\/wp-content\/uploads\/2015\/11\/P1010200-180x180.jpg\" class=\"attachment-thumbnail size-thumbnail\" alt=\"\" \/><\/a>\n\t\t\t<\/div><\/figure>\n\t\t<\/div>\n\n<p>Mehr als 70 junge Streuobstb\u00e4ume setzte das Kinderregenwald-Team in den letzten drei Wochen in Ober- und Unterwaldhausen. Bei der ersten Pflanzung wurde die Eingangsklasse des AG tatkr\u00e4ftig von den \u201eKakadus\u201c der Kuppelnauschule unterst\u00fctzt, bei der zweiten Pflanzung zeigten die Aulendorfer Klassen SGE und Jg. 1 gro\u00dfen Einsatz. Bis in f\u00fcnf Jahren kann man dann die ersten Birnen und \u00c4pfel ernten.<\/p>\n<p>Das schreibt die <a href=\"http:\/\/www.ess-rv.de\/wp-content\/uploads\/2015\/11\/SZ_2015_11_24_Streuobstpflanzaktion.pdf\" rel=\"\">Schw\u00e4bische Zeitung am 24. November 2015<\/a><\/p>\n","protected":false},"excerpt":{"rendered":"<p>Mehr als 70 junge Streuobstb\u00e4ume setzte das Kinderregenwald-Team in den letzten drei Wochen in Ober- und Unterwaldhausen. Bei der ersten Pflanzung wurde die Eingangsklasse des AG tatkr\u00e4ftig von den \u201eKakadus\u201c der Kuppelnauschule unterst\u00fctzt, bei der zweiten Pflanzung zeigten die Aulendorfer Klassen SGE und Jg. 1 gro\u00dfen Einsatz. Bis in f\u00fcnf Jahren kann man dann die &hellip; <a href=\"https:\/\/www.ess-rv.de\/?p=2703\" class=\"more-link\"><span class=\"screen-reader-text\">60 Sch\u00fcler pflanzen 72 neue B\u00e4ume<\/span> weiterlesen <span class=\"meta-nav\">&rarr;<\/span><\/a><\/p>\n","protected":false},"author":3,"featured_media":0,"comment_status":"closed","ping_status":"closed","sticky":false,"template":"","format":"standard","meta":{"footnotes":"","_links_to":"","_links_to_target":""},"categories":[199,18,109,29,2,203,197,198],"tags":[331,357,358,191],"class_list":["post-2703","post","type-post","status-publish","format-standard","hentry","category-ag","category-ausserschulische-veranstaltung","category-baumpflanzung","category-berufliche-gymnasien","category-bildungsangebot","category-sg","category-standort-aulendorf","category-standort-ravensburg","tag-2015-2016","tag-baumpflanzung","tag-kinderregenwaldteam","tag-sg"],"_links":{"self":[{"href":"https:\/\/www.ess-rv.de\/index.php?rest_route=\/wp\/v2\/posts\/2703","targetHints":{"allow":["GET"]}}],"collection":[{"href":"https:\/\/www.ess-rv.de\/index.php?rest_route=\/wp\/v2\/posts"}],"about":[{"href":"https:\/\/www.ess-rv.de\/index.php?rest_route=\/wp\/v2\/types\/post"}],"author":[{"embeddable":true,"href":"https:\/\/www.ess-rv.de\/index.php?rest_route=\/wp\/v2\/users\/3"}],"replies":[{"embeddable":true,"href":"https:\/\/www.ess-rv.de\/index.php?rest_route=%2Fwp%2Fv2%2Fcomments&post=2703"}],"version-history":[{"count":3,"href":"https:\/\/www.ess-rv.de\/index.php?rest_route=\/wp\/v2\/posts\/2703\/revisions"}],"predecessor-version":[{"id":2903,"href":"https:\/\/www.ess-rv.de\/index.php?rest_route=\/wp\/v2\/posts\/2703\/revisions\/2903"}],"wp:attachment":[{"href":"https:\/\/www.ess-rv.de\/index.php?rest_route=%2Fwp%2Fv2%2Fmedia&parent=2703"}],"wp:term":[{"taxonomy":"category","embeddable":true,"href":"https:\/\/www.ess-rv.de\/index.php?rest_route=%2Fwp%2Fv2%2Fcategories&post=2703"},{"taxonomy":"post_tag","embeddable":true,"href":"https:\/\/www.ess-rv.de\/index.php?rest_route=%2Fwp%2Fv2%2Ftags&post=2703"}],"curies":[{"name":"wp","href":"https:\/\/api.w.org\/{rel}","templated":true}]}}