{"id":2758,"date":"2015-12-03T21:31:09","date_gmt":"2015-12-03T20:31:09","guid":{"rendered":"http:\/\/www.ess-rv.de\/?p=2758"},"modified":"2015-12-03T21:31:50","modified_gmt":"2015-12-03T20:31:50","slug":"vabo3-trifft-auf-abiklasse","status":"publish","type":"post","link":"https:\/\/www.ess-rv.de\/?p=2758","title":{"rendered":"VABO3 trifft auf Abiklasse"},"content":{"rendered":"<div id='gallery-1' class='gallery galleryid-2758 gallery-columns-3 gallery-size-thumbnail'><figure class='gallery-item'>\n\t\t\t<div class='gallery-icon landscape'>\n\t\t\t\t<a href='https:\/\/www.ess-rv.de\/wp-content\/uploads\/2015\/12\/20151201_122126_resized.jpg'><img loading=\"lazy\" decoding=\"async\" width=\"180\" height=\"180\" src=\"https:\/\/www.ess-rv.de\/wp-content\/uploads\/2015\/12\/20151201_122126_resized-180x180.jpg\" class=\"attachment-thumbnail size-thumbnail\" alt=\"\" \/><\/a>\n\t\t\t<\/div><\/figure><figure class='gallery-item'>\n\t\t\t<div class='gallery-icon landscape'>\n\t\t\t\t<a href='https:\/\/www.ess-rv.de\/wp-content\/uploads\/2015\/12\/20151201_114302_resized.jpg'><img loading=\"lazy\" decoding=\"async\" width=\"180\" height=\"180\" src=\"https:\/\/www.ess-rv.de\/wp-content\/uploads\/2015\/12\/20151201_114302_resized-180x180.jpg\" class=\"attachment-thumbnail size-thumbnail\" alt=\"\" \/><\/a>\n\t\t\t<\/div><\/figure><figure class='gallery-item'>\n\t\t\t<div class='gallery-icon landscape'>\n\t\t\t\t<a href='https:\/\/www.ess-rv.de\/wp-content\/uploads\/2015\/12\/20151201_120952_resized.jpg'><img loading=\"lazy\" decoding=\"async\" width=\"180\" height=\"180\" src=\"https:\/\/www.ess-rv.de\/wp-content\/uploads\/2015\/12\/20151201_120952_resized-180x180.jpg\" class=\"attachment-thumbnail size-thumbnail\" alt=\"\" \/><\/a>\n\t\t\t<\/div><\/figure>\n\t\t<\/div>\n\n<p>Ein sch\u00f6nes Miteinander erlebten die Sch\u00fcler der VABO3 am Dienstag, den 1. Dezember in einer Abiklasse des Wirtschaftsgymnasiums. Anregende Gespr\u00e4che erfolgten bei Lebkuchen &amp; Spekulatius auf Deutsch, Englisch und Spanisch. Herzlichen Dank f\u00fcr die Einladung!<\/p>\n","protected":false},"excerpt":{"rendered":"<p>Ein sch\u00f6nes Miteinander erlebten die Sch\u00fcler der VABO3 am Dienstag, den 1. Dezember in einer Abiklasse des Wirtschaftsgymnasiums. Anregende Gespr\u00e4che erfolgten bei Lebkuchen &amp; Spekulatius auf Deutsch, Englisch und Spanisch. Herzlichen Dank f\u00fcr die Einladung!<\/p>\n","protected":false},"author":3,"featured_media":0,"comment_status":"closed","ping_status":"closed","sticky":false,"template":"","format":"standard","meta":{"footnotes":"","_links_to":"","_links_to_target":""},"categories":[29,2,198,89],"tags":[331,153,52,49,39],"class_list":["post-2758","post","type-post","status-publish","format-standard","hentry","category-berufliche-gymnasien","category-bildungsangebot","category-standort-ravensburg","category-vabo","tag-2015-2016","tag-abitur","tag-kooperation","tag-ravensburg","tag-vabo"],"_links":{"self":[{"href":"https:\/\/www.ess-rv.de\/index.php?rest_route=\/wp\/v2\/posts\/2758","targetHints":{"allow":["GET"]}}],"collection":[{"href":"https:\/\/www.ess-rv.de\/index.php?rest_route=\/wp\/v2\/posts"}],"about":[{"href":"https:\/\/www.ess-rv.de\/index.php?rest_route=\/wp\/v2\/types\/post"}],"author":[{"embeddable":true,"href":"https:\/\/www.ess-rv.de\/index.php?rest_route=\/wp\/v2\/users\/3"}],"replies":[{"embeddable":true,"href":"https:\/\/www.ess-rv.de\/index.php?rest_route=%2Fwp%2Fv2%2Fcomments&post=2758"}],"version-history":[{"count":2,"href":"https:\/\/www.ess-rv.de\/index.php?rest_route=\/wp\/v2\/posts\/2758\/revisions"}],"predecessor-version":[{"id":2763,"href":"https:\/\/www.ess-rv.de\/index.php?rest_route=\/wp\/v2\/posts\/2758\/revisions\/2763"}],"wp:attachment":[{"href":"https:\/\/www.ess-rv.de\/index.php?rest_route=%2Fwp%2Fv2%2Fmedia&parent=2758"}],"wp:term":[{"taxonomy":"category","embeddable":true,"href":"https:\/\/www.ess-rv.de\/index.php?rest_route=%2Fwp%2Fv2%2Fcategories&post=2758"},{"taxonomy":"post_tag","embeddable":true,"href":"https:\/\/www.ess-rv.de\/index.php?rest_route=%2Fwp%2Fv2%2Ftags&post=2758"}],"curies":[{"name":"wp","href":"https:\/\/api.w.org\/{rel}","templated":true}]}}