{"id":3227,"date":"2016-04-21T08:45:26","date_gmt":"2016-04-21T07:45:26","guid":{"rendered":"http:\/\/www.ess-rv.de\/?p=3227"},"modified":"2016-04-21T08:45:26","modified_gmt":"2016-04-21T07:45:26","slug":"wir-sind-weiterhin-unesco-projektschule","status":"publish","type":"post","link":"https:\/\/www.ess-rv.de\/?p=3227","title":{"rendered":"Wir sind weiterhin UNESCO-Projektschule"},"content":{"rendered":"<p>Der Status der UNESCO-Projektschule wurde verl\u00e4ngert. Dar\u00fcber freuen wir uns sehr. Der Dank geht an alle Sch\u00fclerinnen und Sch\u00fcler, Lehrerinnen und Lehrer, die sich in den letzten Jahren in vielen gro\u00dfartigen Projekten und Aktionen zu den Leitlinien der UNESCO engagiert haben. Hier ver\u00f6ffentlichen wir stolz die Best\u00e4tigung durch die Bundeskoordination der UNESCO-Projektschulen:<\/p>\n<blockquote><p>Sehr geehrter Herr Greiner, liebe Kolleginnen, liebe Kollegen,<br \/>\nliebe Sch\u00fclerinnen, liebe Sch\u00fcler, liebe Eltern,<\/p>\n<p>auf diesem Wege m\u00f6chten wir Ihnen allen ganz herzlich f\u00fcr Ihr Engagement bei der Umsetzung der Leitlinien der UNESCO-Projektschulen danken. Die\u00a0 Edith-Stein-Schule Ravensburg hat sich im Unterricht und im Schulleben sehr \u00fcberzeugend an den Zielen der UNESCO orientiert. Kontinuierlich und aktiv wirkte die Schule im Netzwerk der UNESCO-Projektschulen in Baden-W\u00fcrttemberg mit. Die Ziele, die Sie sich gesetzt haben, zeigen Ihre Entschlossenheit, die erfolgreiche Arbeit in der Zukunft fortzuf\u00fchren. Gerne entspricht die Bundeskoordination deshalb Ihrem Antrag auf Verl\u00e4ngerung der Mitgliedschaft im UNESCO-Schulnetz (bis zum 31.12.2020). <em>\u00a0<\/em><\/p>\n<p>Wir w\u00fcnschen Ihnen allen eine weiterhin erfolgreiche UNESCO-Arbeit, die den Unterricht und die Schulgemeinschaft bereichert und zugleich einen Beitrag zur Bew\u00e4ltigung der dr\u00e4ngenden globalen Zukunftsaufgaben leistet.<\/p>\n<p>Mit freundlichen Gr\u00fc\u00dfen<\/p>\n<p>i.A.<br \/>\nJasmin Grakoui<br \/>\nProgrammkoordination\/Programme Coordinator<br \/>\nBundeskoordination der UNESCO-Projektschulen<br \/>\nUNESCO ASPnet Germany<\/p><\/blockquote>\n","protected":false},"excerpt":{"rendered":"<p>Der Status der UNESCO-Projektschule wurde verl\u00e4ngert. Dar\u00fcber freuen wir uns sehr. Der Dank geht an alle Sch\u00fclerinnen und Sch\u00fcler, Lehrerinnen und Lehrer, die sich in den letzten Jahren in vielen gro\u00dfartigen Projekten und Aktionen zu den Leitlinien der UNESCO engagiert haben. Hier ver\u00f6ffentlichen wir stolz die Best\u00e4tigung durch die Bundeskoordination der UNESCO-Projektschulen: Sehr geehrter Herr &hellip; <a href=\"https:\/\/www.ess-rv.de\/?p=3227\" class=\"more-link\"><span class=\"screen-reader-text\">Wir sind weiterhin UNESCO-Projektschule<\/span> weiterlesen <span class=\"meta-nav\">&rarr;<\/span><\/a><\/p>\n","protected":false},"author":3,"featured_media":0,"comment_status":"closed","ping_status":"closed","sticky":false,"template":"","format":"standard","meta":{"footnotes":"","_links_to":"","_links_to_target":""},"categories":[18,2,47],"tags":[331,285,84],"class_list":["post-3227","post","type-post","status-publish","format-standard","hentry","category-ausserschulische-veranstaltung","category-bildungsangebot","category-soziales-engagement","tag-2015-2016","tag-auszeichnung","tag-unesco"],"_links":{"self":[{"href":"https:\/\/www.ess-rv.de\/index.php?rest_route=\/wp\/v2\/posts\/3227","targetHints":{"allow":["GET"]}}],"collection":[{"href":"https:\/\/www.ess-rv.de\/index.php?rest_route=\/wp\/v2\/posts"}],"about":[{"href":"https:\/\/www.ess-rv.de\/index.php?rest_route=\/wp\/v2\/types\/post"}],"author":[{"embeddable":true,"href":"https:\/\/www.ess-rv.de\/index.php?rest_route=\/wp\/v2\/users\/3"}],"replies":[{"embeddable":true,"href":"https:\/\/www.ess-rv.de\/index.php?rest_route=%2Fwp%2Fv2%2Fcomments&post=3227"}],"version-history":[{"count":1,"href":"https:\/\/www.ess-rv.de\/index.php?rest_route=\/wp\/v2\/posts\/3227\/revisions"}],"predecessor-version":[{"id":3228,"href":"https:\/\/www.ess-rv.de\/index.php?rest_route=\/wp\/v2\/posts\/3227\/revisions\/3228"}],"wp:attachment":[{"href":"https:\/\/www.ess-rv.de\/index.php?rest_route=%2Fwp%2Fv2%2Fmedia&parent=3227"}],"wp:term":[{"taxonomy":"category","embeddable":true,"href":"https:\/\/www.ess-rv.de\/index.php?rest_route=%2Fwp%2Fv2%2Fcategories&post=3227"},{"taxonomy":"post_tag","embeddable":true,"href":"https:\/\/www.ess-rv.de\/index.php?rest_route=%2Fwp%2Fv2%2Ftags&post=3227"}],"curies":[{"name":"wp","href":"https:\/\/api.w.org\/{rel}","templated":true}]}}