{"id":3279,"date":"2016-05-01T14:45:49","date_gmt":"2016-05-01T13:45:49","guid":{"rendered":"http:\/\/www.ess-rv.de\/?p=3279"},"modified":"2016-05-01T14:45:49","modified_gmt":"2016-05-01T13:45:49","slug":"zu-gast-bei-der-frauendorfer-realschule-in-aiterhofen","status":"publish","type":"post","link":"https:\/\/www.ess-rv.de\/?p=3279","title":{"rendered":"Zu Gast bei der Frauendorfer-Realschule in Aiterhofen"},"content":{"rendered":"<p><a href=\"http:\/\/www.ess-rv.de\/wp-content\/uploads\/2016\/05\/Aiterhofen-2.jpg\"><img loading=\"lazy\" decoding=\"async\" src=\"http:\/\/www.ess-rv.de\/wp-content\/uploads\/2016\/05\/Aiterhofen-2-300x168.jpg\" alt=\"Zu Gast bei der Frauendorfer-Realschule in Aiterhofen\" width=\"300\" height=\"168\" class=\"alignright size-medium wp-image-3280\" srcset=\"https:\/\/www.ess-rv.de\/wp-content\/uploads\/2016\/05\/Aiterhofen-2-300x168.jpg 300w, https:\/\/www.ess-rv.de\/wp-content\/uploads\/2016\/05\/Aiterhofen-2-768x431.jpg 768w, https:\/\/www.ess-rv.de\/wp-content\/uploads\/2016\/05\/Aiterhofen-2-1024x575.jpg 1024w, https:\/\/www.ess-rv.de\/wp-content\/uploads\/2016\/05\/Aiterhofen-2.jpg 1040w\" sizes=\"auto, (max-width: 300px) 100vw, 300px\" \/><\/a>Eine dreik\u00f6pfige Delegation des VABO2 besuchte auf Einladung der UNESCO-Koordinatorin Agatha Lehr und der Frauendorfer Realschule im Rahmen einer Donauprojektwoche das Kloster der Franziskanerinnen in Aiterhofen bei Straubing. Die Frauendorfer-Realschule wurde erst k\u00fcrzlich in das Netzwerk der UNESCO-Projektschulen aufgenommen und ist an das Kloster angeschlossen, in dem sich auch ein Kindergarten und eine Altenpflegeschule befindet. Besonderes Anliegen der Schule ist es, das Engagement von Franziskus f\u00fcr Schwache und Hilfsbed\u00fcrftige mit den Zielen der UNESCO in einen Zusammenhang zu bringen.<!--more--><\/p>\n<p>In Brasilien und Bolivien bestehen Unterst\u00fctzungseinrichtungen des Klosters an sozialen Brennpunkten. Am Ende der Projektwoche wurde auch das 70 j\u00e4hrige Gr\u00fcndungsjubil\u00e4um der Schule begangen. Internationale G\u00e4ste aus Japan, Polen, Rum\u00e4nien, Tschechien und Ungarn waren mit Sch\u00fclergruppen geladen und machten einen globalen Austausch m\u00f6glich, der einen weltumspannenden Dialog er\u00f6ffnete. Nach einem \u00f6kumenischenFestgottesdienst, der sich mit dem Thema Wasser besch\u00e4ftigte, gab es Gelegenheit, etwas von der Geschichte und Bedeutung der Schule in vielseitigen Redebeitr\u00e4gen zu erfahren. Die Sch\u00fclerInnen, unter denen sich noch nicht lange auch m\u00e4nnliche Sch\u00fcler befinden, pr\u00e4sentierten Tanz- und Musikperformances sowie \u00dcberlegungen zu einer Neugestaltung des Donauufers in Straubing. <\/p>\n<p>Durch die Gastfreundschaft der Franziskanerinnen war es m\u00f6glich, dazu einen Eindruck von dem Leben im Kloster zu bekommen. In dem weitl\u00e4ufigen Geb\u00e4udekomplex inmitten sch\u00f6ner G\u00e4rten befinden sich einige Trakte, die f\u00fcr die Unterbringung von Tagungsg\u00e4sten bestens geeignet sind. Wir danken f\u00fcr die Einladung zu zwei erlebnisreichen Tagen. <\/p>\n","protected":false},"excerpt":{"rendered":"<p>Eine dreik\u00f6pfige Delegation des VABO2 besuchte auf Einladung der UNESCO-Koordinatorin Agatha Lehr und der Frauendorfer Realschule im Rahmen einer Donauprojektwoche das Kloster der Franziskanerinnen in Aiterhofen bei Straubing. Die Frauendorfer-Realschule wurde erst k\u00fcrzlich in das Netzwerk der UNESCO-Projektschulen aufgenommen und ist an das Kloster angeschlossen, in dem sich auch ein Kindergarten und eine Altenpflegeschule befindet. &hellip; <a href=\"https:\/\/www.ess-rv.de\/?p=3279\" class=\"more-link\"><span class=\"screen-reader-text\">Zu Gast bei der Frauendorfer-Realschule in Aiterhofen<\/span> weiterlesen <span class=\"meta-nav\">&rarr;<\/span><\/a><\/p>\n","protected":false},"author":3,"featured_media":0,"comment_status":"closed","ping_status":"closed","sticky":false,"template":"","format":"standard","meta":{"footnotes":"","_links_to":"","_links_to_target":""},"categories":[18,96,2,47,89],"tags":[331,84,39],"class_list":["post-3279","post","type-post","status-publish","format-standard","hentry","category-ausserschulische-veranstaltung","category-austausch","category-bildungsangebot","category-soziales-engagement","category-vabo","tag-2015-2016","tag-unesco","tag-vabo"],"_links":{"self":[{"href":"https:\/\/www.ess-rv.de\/index.php?rest_route=\/wp\/v2\/posts\/3279","targetHints":{"allow":["GET"]}}],"collection":[{"href":"https:\/\/www.ess-rv.de\/index.php?rest_route=\/wp\/v2\/posts"}],"about":[{"href":"https:\/\/www.ess-rv.de\/index.php?rest_route=\/wp\/v2\/types\/post"}],"author":[{"embeddable":true,"href":"https:\/\/www.ess-rv.de\/index.php?rest_route=\/wp\/v2\/users\/3"}],"replies":[{"embeddable":true,"href":"https:\/\/www.ess-rv.de\/index.php?rest_route=%2Fwp%2Fv2%2Fcomments&post=3279"}],"version-history":[{"count":1,"href":"https:\/\/www.ess-rv.de\/index.php?rest_route=\/wp\/v2\/posts\/3279\/revisions"}],"predecessor-version":[{"id":3281,"href":"https:\/\/www.ess-rv.de\/index.php?rest_route=\/wp\/v2\/posts\/3279\/revisions\/3281"}],"wp:attachment":[{"href":"https:\/\/www.ess-rv.de\/index.php?rest_route=%2Fwp%2Fv2%2Fmedia&parent=3279"}],"wp:term":[{"taxonomy":"category","embeddable":true,"href":"https:\/\/www.ess-rv.de\/index.php?rest_route=%2Fwp%2Fv2%2Fcategories&post=3279"},{"taxonomy":"post_tag","embeddable":true,"href":"https:\/\/www.ess-rv.de\/index.php?rest_route=%2Fwp%2Fv2%2Ftags&post=3279"}],"curies":[{"name":"wp","href":"https:\/\/api.w.org\/{rel}","templated":true}]}}