{"id":3327,"date":"2016-06-09T09:09:14","date_gmt":"2016-06-09T08:09:14","guid":{"rendered":"http:\/\/www.ess-rv.de\/?p=3327"},"modified":"2016-06-09T09:11:11","modified_gmt":"2016-06-09T08:11:11","slug":"hier-geht-es-lang-edith-stein-schule","status":"publish","type":"post","link":"https:\/\/www.ess-rv.de\/?p=3327","title":{"rendered":"Hier geht es lang, Edith-Stein-Schule!"},"content":{"rendered":"<p><a href=\"http:\/\/www.ess-rv.de\/wp-content\/uploads\/2016\/06\/IMG_3651.jpg\"><img loading=\"lazy\" decoding=\"async\" src=\"http:\/\/www.ess-rv.de\/wp-content\/uploads\/2016\/06\/IMG_3651-300x225.jpg\" alt=\"Regierungsschuldirektor Norbert Pellens und unser Schulleiter Peter Greiner unterzeichnen die Zielvereinbarungen der Edith-Stein-Schule mit dem Regierungspr&auml;sidium (Foto: Nicole Dauber).\" width=\"300\" height=\"225\" class=\"alignright size-medium wp-image-3328\" srcset=\"https:\/\/www.ess-rv.de\/wp-content\/uploads\/2016\/06\/IMG_3651-300x225.jpg 300w, https:\/\/www.ess-rv.de\/wp-content\/uploads\/2016\/06\/IMG_3651-768x576.jpg 768w, https:\/\/www.ess-rv.de\/wp-content\/uploads\/2016\/06\/IMG_3651.jpg 1024w\" sizes=\"auto, (max-width: 300px) 100vw, 300px\" \/><\/a>Am Dienstag, den 7. Juni 2016, hat unsere Schule feierlich die Zielvereinbarungen mit dem Regierungspr\u00e4sidium T\u00fcbingen geschlossen. Regierungsschuldirektor Norbert Pellens lobte die Zusammenarbeit von Sch\u00fclerinnen und Sch\u00fclern, Eltern und Lehrerinnen und Lehrer, die zu der richtungsweisenden Vereinbarung gef\u00fchrt hat. Au\u00dferdem unterstrich er <!--more-->die Vielfalt der von der Edith-Stein-Schule angestrebten Ziele, die sich auf alle Bereiche der Schule erstrecken. <\/p>\n<p>Diese Zielvereinbarung ist ein wichtiger Schritt, der auf die im vorvergangenen Jahr durchgef\u00fchrten Evaluation unserer Schule durch das Regierungspr\u00e4sidium folgt und der die Richtung f\u00fcr die n\u00e4chsten Jahre festlegt. Federf\u00fchrend hat das Qualit\u00e4tsentwicklungsteam unter der Leitung von Klaus Dorbath gemeinsam mit Schulleitung und Kollegium wichtige Prozesse der Schule identifiziert. Diese Prozesse wurden durch W\u00fcnsche der Eltern und Sch\u00fclerinnen und Sch\u00fcler erg\u00e4nzt und sind nun Gegenstand der Schulentwicklung f\u00fcr die kommenden Jahre.<\/p>\n","protected":false},"excerpt":{"rendered":"<p>Am Dienstag, den 7. Juni 2016, hat unsere Schule feierlich die Zielvereinbarungen mit dem Regierungspr\u00e4sidium T\u00fcbingen geschlossen. Regierungsschuldirektor Norbert Pellens lobte die Zusammenarbeit von Sch\u00fclerinnen und Sch\u00fclern, Eltern und Lehrerinnen und Lehrer, die zu der richtungsweisenden Vereinbarung gef\u00fchrt hat. Au\u00dferdem unterstrich er<\/p>\n","protected":false},"author":3,"featured_media":0,"comment_status":"closed","ping_status":"closed","sticky":false,"template":"","format":"standard","meta":{"footnotes":"","_links_to":"","_links_to_target":""},"categories":[2,33],"tags":[331],"class_list":["post-3327","post","type-post","status-publish","format-standard","hentry","category-bildungsangebot","category-veranstaltung","tag-2015-2016"],"_links":{"self":[{"href":"https:\/\/www.ess-rv.de\/index.php?rest_route=\/wp\/v2\/posts\/3327","targetHints":{"allow":["GET"]}}],"collection":[{"href":"https:\/\/www.ess-rv.de\/index.php?rest_route=\/wp\/v2\/posts"}],"about":[{"href":"https:\/\/www.ess-rv.de\/index.php?rest_route=\/wp\/v2\/types\/post"}],"author":[{"embeddable":true,"href":"https:\/\/www.ess-rv.de\/index.php?rest_route=\/wp\/v2\/users\/3"}],"replies":[{"embeddable":true,"href":"https:\/\/www.ess-rv.de\/index.php?rest_route=%2Fwp%2Fv2%2Fcomments&post=3327"}],"version-history":[{"count":6,"href":"https:\/\/www.ess-rv.de\/index.php?rest_route=\/wp\/v2\/posts\/3327\/revisions"}],"predecessor-version":[{"id":3335,"href":"https:\/\/www.ess-rv.de\/index.php?rest_route=\/wp\/v2\/posts\/3327\/revisions\/3335"}],"wp:attachment":[{"href":"https:\/\/www.ess-rv.de\/index.php?rest_route=%2Fwp%2Fv2%2Fmedia&parent=3327"}],"wp:term":[{"taxonomy":"category","embeddable":true,"href":"https:\/\/www.ess-rv.de\/index.php?rest_route=%2Fwp%2Fv2%2Fcategories&post=3327"},{"taxonomy":"post_tag","embeddable":true,"href":"https:\/\/www.ess-rv.de\/index.php?rest_route=%2Fwp%2Fv2%2Ftags&post=3327"}],"curies":[{"name":"wp","href":"https:\/\/api.w.org\/{rel}","templated":true}]}}