{"id":3341,"date":"2016-06-13T19:30:20","date_gmt":"2016-06-13T18:30:20","guid":{"rendered":"http:\/\/www.ess-rv.de\/?p=3341"},"modified":"2016-06-13T19:30:20","modified_gmt":"2016-06-13T18:30:20","slug":"gesundheitskaufleute-sagen-goodbye","status":"publish","type":"post","link":"https:\/\/www.ess-rv.de\/?p=3341","title":{"rendered":"Gesundheitskaufleute sagen goodbye!"},"content":{"rendered":"<p><a href=\"http:\/\/www.ess-rv.de\/wp-content\/uploads\/2016\/06\/Verabschiedung-GK2016_2_1024.jpg\"><img loading=\"lazy\" decoding=\"async\" class=\"alignleft size-medium wp-image-3342\" src=\"http:\/\/www.ess-rv.de\/wp-content\/uploads\/2016\/06\/Verabschiedung-GK2016_2_1024-169x300.jpg\" alt=\"Gesundheitskaufleute sagen goodbye!GK2016_2_1024\" width=\"169\" height=\"300\" srcset=\"https:\/\/www.ess-rv.de\/wp-content\/uploads\/2016\/06\/Verabschiedung-GK2016_2_1024-169x300.jpg 169w, https:\/\/www.ess-rv.de\/wp-content\/uploads\/2016\/06\/Verabschiedung-GK2016_2_1024.jpg 576w\" sizes=\"auto, (max-width: 169px) 100vw, 169px\" \/><\/a>Am Montag, den 13. Juni 2016 wurden 16 angehende Kaufleute im Gesundheitswesen am Standort in Aulendorf verabschiedet. Nach dreij\u00e4hriger dualer Ausbildung in Krankenh\u00e4usern, Reha-Einrichtungen und anderen Betrieben des Gesundheits- und Sozialwesens sowie an der Berufsschule der Edith-Stein-Schule Ravensburg &amp; Aulendorf haben 15 Gesundheitskauffrauen und ein Gesundheitskaufmann die Berufsschulabschlusspr\u00fcfung mit Erfolg absolviert. Im Rahmen einer Feierstunde wurde den Absolventen das Berufsschulabschlusszeugnis \u00fcberreicht.<\/p>\n<p>Erfreulicherweise erhalten<!--more--> fast alle Auszubildenden von ihren Ausbildungsbetrieben einen Anschlussvertrag, so dass der Einstieg ins Berufsleben gesichert ist. Wir gratulieren ganz herzlich zur bestanden Berufsschulabschlusspr\u00fcfung und w\u00fcnschen f\u00fcr die noch anstehende m\u00fcndlich-praktische Pr\u00fcfung bei der IHK Bodensee-Oberschwaben viel Erfolg und f\u00fcr die weitere Zukunft alles Gute.<\/p>\n","protected":false},"excerpt":{"rendered":"<p>Am Montag, den 13. Juni 2016 wurden 16 angehende Kaufleute im Gesundheitswesen am Standort in Aulendorf verabschiedet. Nach dreij\u00e4hriger dualer Ausbildung in Krankenh\u00e4usern, Reha-Einrichtungen und anderen Betrieben des Gesundheits- und Sozialwesens sowie an der Berufsschule der Edith-Stein-Schule Ravensburg &amp; Aulendorf haben 15 Gesundheitskauffrauen und ein Gesundheitskaufmann die Berufsschulabschlusspr\u00fcfung mit Erfolg absolviert. Im Rahmen einer Feierstunde &hellip; <a href=\"https:\/\/www.ess-rv.de\/?p=3341\" class=\"more-link\"><span class=\"screen-reader-text\">Gesundheitskaufleute sagen goodbye!<\/span> weiterlesen <span class=\"meta-nav\">&rarr;<\/span><\/a><\/p>\n","protected":false},"author":3,"featured_media":0,"comment_status":"closed","ping_status":"closed","sticky":false,"template":"","format":"standard","meta":{"footnotes":"","_links_to":"","_links_to_target":""},"categories":[40,2,236,197,196,33],"tags":[331,70,54],"class_list":["post-3341","post","type-post","status-publish","format-standard","hentry","category-berufsschule","category-bildungsangebot","category-gk","category-standort-aulendorf","category-verabschiedung","category-veranstaltung","tag-2015-2016","tag-aulendorf","tag-berufsschule"],"_links":{"self":[{"href":"https:\/\/www.ess-rv.de\/index.php?rest_route=\/wp\/v2\/posts\/3341","targetHints":{"allow":["GET"]}}],"collection":[{"href":"https:\/\/www.ess-rv.de\/index.php?rest_route=\/wp\/v2\/posts"}],"about":[{"href":"https:\/\/www.ess-rv.de\/index.php?rest_route=\/wp\/v2\/types\/post"}],"author":[{"embeddable":true,"href":"https:\/\/www.ess-rv.de\/index.php?rest_route=\/wp\/v2\/users\/3"}],"replies":[{"embeddable":true,"href":"https:\/\/www.ess-rv.de\/index.php?rest_route=%2Fwp%2Fv2%2Fcomments&post=3341"}],"version-history":[{"count":2,"href":"https:\/\/www.ess-rv.de\/index.php?rest_route=\/wp\/v2\/posts\/3341\/revisions"}],"predecessor-version":[{"id":3344,"href":"https:\/\/www.ess-rv.de\/index.php?rest_route=\/wp\/v2\/posts\/3341\/revisions\/3344"}],"wp:attachment":[{"href":"https:\/\/www.ess-rv.de\/index.php?rest_route=%2Fwp%2Fv2%2Fmedia&parent=3341"}],"wp:term":[{"taxonomy":"category","embeddable":true,"href":"https:\/\/www.ess-rv.de\/index.php?rest_route=%2Fwp%2Fv2%2Fcategories&post=3341"},{"taxonomy":"post_tag","embeddable":true,"href":"https:\/\/www.ess-rv.de\/index.php?rest_route=%2Fwp%2Fv2%2Ftags&post=3341"}],"curies":[{"name":"wp","href":"https:\/\/api.w.org\/{rel}","templated":true}]}}