{"id":3345,"date":"2016-06-14T08:36:56","date_gmt":"2016-06-14T07:36:56","guid":{"rendered":"http:\/\/www.ess-rv.de\/?p=3345"},"modified":"2016-06-20T11:51:26","modified_gmt":"2016-06-20T10:51:26","slug":"fairtrade-school","status":"publish","type":"post","link":"https:\/\/www.ess-rv.de\/?p=3345","title":{"rendered":"Wir sind Fairtrade-School"},"content":{"rendered":"<p>Am Freitag, den 10. Juni 2016, wurde in der Aula der Edith-Stein-Schule in Ravensburg die Edith-Stein-Schule zu einer Fairtrade School zertifiziert, welche somit die erste Fairtrade School im Kreis Ravensburg wurde. Das Zertifikat ist die Entlohnung f\u00fcr die sehr intensive Arbeit der Sch\u00fcler und Sch\u00fclerinnen, die gemeinsam in den letzten zwei Schuljahren ein besonders grosses Engagement zeigten, um die Edith-Stein-Schule offiziell zu einer &#8222;Fairtrade School&#8220; zu machen.<\/p>\n<p><iframe loading=\"lazy\" src=\"https:\/\/www.youtube.com\/embed\/4kZgrO5rgSw\" width=\"600\" height=\"150\" frameborder=\"0\" allowfullscreen=\"allowfullscreen\"><\/iframe><\/p>\n<p>Anfangs waren es f\u00fcnf Sch\u00fclerinnen der Edith-Stein-Schule die sich f\u00fcr die Kampagne &#8222;Fairtrade Schools&#8220; interessierten, um ihre Schule ebenfalls zu einer Fairtrade School zu machen. Die Idee fand jedoch schnell Begeisterung bei den anderen Sch\u00fclern und Sch\u00fclerinnen der Edith-Stein-Schule in Ravensburg und Aulendorf und die anfangs kleine Gruppe <!--more-->wuchs schnell auf eine Gr\u00f6\u00dfe von 29 Sch\u00fclern und Sch\u00fclerinnen, die ebenfalls aus dem Lehrerkollegium unterst\u00fctzt wurden, welche dann das Fairtrade School Team gr\u00fcndeten. Zusammen organisierte das Team in den beiden Schulen mehrere Projekte im Bereich des fairen Handels und setzten sich daf\u00fcr ein, dass das Thema im Bereich des fairen Handels im Unterricht behandelt wird.<\/p>\n<p>Unter anderem haben die beide Schulen in den letzten zwei Jahren drei FairTrade Fr\u00fchst\u00fccke f\u00fcr die Sch\u00fcler der Edith-Stein-Schule organisiert, in denen nur Fairtrade Produkte und Produkte von Bauern aus der Umgebung verkauft wurden. Dabei wurde besonders grosser Wert auf die Nachhaltigkeit der Produkte und die faire Bezahlung der Produzenten geachtet. Ebenfalls wurde das Sch\u00fclercaf\u00e9 der Ravensburger Schule zu einer Verkaufsstelle von Fairtrade Produkten umfunktioniert.<\/p>\n<p>Zur Zertifizierung kamen neben ca. 100 Sch\u00fclern und Sch\u00fclerinnen der Vorstandsvorsitzende des F\u00f6rdervereins Herr G\u00fcnter Binder, Frau Irene Steinberg, die Vertreterin der Ausbildungsbetriebe in der Schulkonferenz, Abteilungsleiter der Edith-Stein-Schule Ravensburg und Aulendorf ebenso der Schulleiter und dessen Stellvertreterin. \u00dcbergeben wurde das Zertifikat von Frau Diana Schlegel, einer ehemaligen Sch\u00fclerin der Edith-Stein-Schule Ravensburg, welche nach dem Studium bei der Kampagne Fairtrade Schools anfing zu arbeiten.<\/p>\n<p>Um \u00fcberhaupt erst zertifiziert zu werden, musste die Schule folgende Kriterien erf\u00fcllen:<\/p>\n<ul>\n<li>Kriterium 1<br \/>\nDie Gr\u00fcndung eines Fairtrade-Schulteams bestehend aus Lehrerinnen, Lehrern, Sch\u00fclerinnen, Sch\u00fclern und Eltern.<\/li>\n<li>Kriterium 2<br \/>\nDas Erstellen eines Fairtrade-Kompasses, der vom Schulleiter unterzeichnet wurde.<\/li>\n<li>Kriterium 3<br \/>\nDer Verkauf und Verzehr von fair gehandelten Produkten an der Schule.<\/li>\n<li>Kriterium 4<br \/>\nIn mindestens zwei Klassenstufen muss in mindestens zwei unterschiedlichen F\u00e4chern der Faire Handel im Unterricht behandelt werden.<\/li>\n<li>Kriterium 5<br \/>\nMindestens einmal im Schuljahr muss es eine Schulaktion zum Thema Fairtrade geben.<\/li>\n<\/ul>\n<p>Die <a href=\"http:\/\/www.schwaebische.de\/region_artikel,-Schueler-engagieren-sich-fuer-fairen-Handel-_arid,10469244_toid,535.html\">Schw\u00e4bische Zeitung<\/a> berichtet in einem <a href=\"http:\/\/www.schwaebische.de\/region_artikel,-Schueler-engagieren-sich-fuer-fairen-Handel-_arid,10469244_toid,535.html\">Artikel \u00fcber die Auszeichnung<\/a>.<\/p>\n","protected":false},"excerpt":{"rendered":"<p>Am Freitag, den 10. Juni 2016, wurde in der Aula der Edith-Stein-Schule in Ravensburg die Edith-Stein-Schule zu einer Fairtrade School zertifiziert, welche somit die erste Fairtrade School im Kreis Ravensburg wurde. Das Zertifikat ist die Entlohnung f\u00fcr die sehr intensive Arbeit der Sch\u00fcler und Sch\u00fclerinnen, die gemeinsam in den letzten zwei Schuljahren ein besonders grosses &hellip; <a href=\"https:\/\/www.ess-rv.de\/?p=3345\" class=\"more-link\"><span class=\"screen-reader-text\">Wir sind Fairtrade-School<\/span> weiterlesen <span class=\"meta-nav\">&rarr;<\/span><\/a><\/p>\n","protected":false},"author":3,"featured_media":0,"comment_status":"closed","ping_status":"closed","sticky":false,"template":"","format":"standard","meta":{"footnotes":"","_links_to":"","_links_to_target":""},"categories":[18,2,47,33],"tags":[331,70,50,172,49],"class_list":["post-3345","post","type-post","status-publish","format-standard","hentry","category-ausserschulische-veranstaltung","category-bildungsangebot","category-soziales-engagement","category-veranstaltung","tag-2015-2016","tag-aulendorf","tag-engagement","tag-fairer-handel","tag-ravensburg"],"_links":{"self":[{"href":"https:\/\/www.ess-rv.de\/index.php?rest_route=\/wp\/v2\/posts\/3345","targetHints":{"allow":["GET"]}}],"collection":[{"href":"https:\/\/www.ess-rv.de\/index.php?rest_route=\/wp\/v2\/posts"}],"about":[{"href":"https:\/\/www.ess-rv.de\/index.php?rest_route=\/wp\/v2\/types\/post"}],"author":[{"embeddable":true,"href":"https:\/\/www.ess-rv.de\/index.php?rest_route=\/wp\/v2\/users\/3"}],"replies":[{"embeddable":true,"href":"https:\/\/www.ess-rv.de\/index.php?rest_route=%2Fwp%2Fv2%2Fcomments&post=3345"}],"version-history":[{"count":12,"href":"https:\/\/www.ess-rv.de\/index.php?rest_route=\/wp\/v2\/posts\/3345\/revisions"}],"predecessor-version":[{"id":3366,"href":"https:\/\/www.ess-rv.de\/index.php?rest_route=\/wp\/v2\/posts\/3345\/revisions\/3366"}],"wp:attachment":[{"href":"https:\/\/www.ess-rv.de\/index.php?rest_route=%2Fwp%2Fv2%2Fmedia&parent=3345"}],"wp:term":[{"taxonomy":"category","embeddable":true,"href":"https:\/\/www.ess-rv.de\/index.php?rest_route=%2Fwp%2Fv2%2Fcategories&post=3345"},{"taxonomy":"post_tag","embeddable":true,"href":"https:\/\/www.ess-rv.de\/index.php?rest_route=%2Fwp%2Fv2%2Ftags&post=3345"}],"curies":[{"name":"wp","href":"https:\/\/api.w.org\/{rel}","templated":true}]}}