{"id":3369,"date":"2016-06-24T09:03:34","date_gmt":"2016-06-24T08:03:34","guid":{"rendered":"http:\/\/www.ess-rv.de\/?p=3369"},"modified":"2016-06-24T09:08:32","modified_gmt":"2016-06-24T08:08:32","slug":"teich-ag-beteiligt-sich-an-der-landesweiten-artenkartierung","status":"publish","type":"post","link":"https:\/\/www.ess-rv.de\/?p=3369","title":{"rendered":"Teich-AG beteiligt sich an der landesweiten Artenkartierung"},"content":{"rendered":"<div id='gallery-1' class='gallery galleryid-3369 gallery-columns-3 gallery-size-thumbnail'><figure class='gallery-item'>\n\t\t\t<div class='gallery-icon landscape'>\n\t\t\t\t<a href='https:\/\/www.ess-rv.de\/wp-content\/uploads\/2016\/06\/2_DSC_0067_1024.jpg'><img loading=\"lazy\" decoding=\"async\" width=\"180\" height=\"180\" src=\"https:\/\/www.ess-rv.de\/wp-content\/uploads\/2016\/06\/2_DSC_0067_1024-180x180.jpg\" class=\"attachment-thumbnail size-thumbnail\" alt=\"\" \/><\/a>\n\t\t\t<\/div><\/figure><figure class='gallery-item'>\n\t\t\t<div class='gallery-icon landscape'>\n\t\t\t\t<a href='https:\/\/www.ess-rv.de\/wp-content\/uploads\/2016\/06\/5_DSC_0128_1024.jpg'><img loading=\"lazy\" decoding=\"async\" width=\"180\" height=\"180\" src=\"https:\/\/www.ess-rv.de\/wp-content\/uploads\/2016\/06\/5_DSC_0128_1024-180x180.jpg\" class=\"attachment-thumbnail size-thumbnail\" alt=\"\" \/><\/a>\n\t\t\t<\/div><\/figure><figure class='gallery-item'>\n\t\t\t<div class='gallery-icon landscape'>\n\t\t\t\t<a href='https:\/\/www.ess-rv.de\/wp-content\/uploads\/2016\/06\/6_P1020360_1024.jpg'><img loading=\"lazy\" decoding=\"async\" width=\"180\" height=\"180\" src=\"https:\/\/www.ess-rv.de\/wp-content\/uploads\/2016\/06\/6_P1020360_1024-180x180.jpg\" class=\"attachment-thumbnail size-thumbnail\" alt=\"\" \/><\/a>\n\t\t\t<\/div><\/figure><figure class='gallery-item'>\n\t\t\t<div class='gallery-icon landscape'>\n\t\t\t\t<a href='https:\/\/www.ess-rv.de\/wp-content\/uploads\/2016\/06\/1_P1020306_1024.jpg'><img loading=\"lazy\" decoding=\"async\" width=\"180\" height=\"180\" src=\"https:\/\/www.ess-rv.de\/wp-content\/uploads\/2016\/06\/1_P1020306_1024-180x180.jpg\" class=\"attachment-thumbnail size-thumbnail\" alt=\"\" \/><\/a>\n\t\t\t<\/div><\/figure><figure class='gallery-item'>\n\t\t\t<div class='gallery-icon landscape'>\n\t\t\t\t<a href='https:\/\/www.ess-rv.de\/wp-content\/uploads\/2016\/06\/3_P1020320_1024.jpg'><img loading=\"lazy\" decoding=\"async\" width=\"180\" height=\"180\" src=\"https:\/\/www.ess-rv.de\/wp-content\/uploads\/2016\/06\/3_P1020320_1024-180x180.jpg\" class=\"attachment-thumbnail size-thumbnail\" alt=\"\" \/><\/a>\n\t\t\t<\/div><\/figure><figure class='gallery-item'>\n\t\t\t<div class='gallery-icon landscape'>\n\t\t\t\t<a href='https:\/\/www.ess-rv.de\/wp-content\/uploads\/2016\/06\/4_DSC_0153_1024.jpg'><img loading=\"lazy\" decoding=\"async\" width=\"180\" height=\"180\" src=\"https:\/\/www.ess-rv.de\/wp-content\/uploads\/2016\/06\/4_DSC_0153_1024-180x180.jpg\" class=\"attachment-thumbnail size-thumbnail\" alt=\"\" \/><\/a>\n\t\t\t<\/div><\/figure>\n\t\t<\/div>\n\n<p>Unter Anleitung von Anne Straub, einer LAK-Fachfrau, nahmen wir, die diesj\u00e4hrige Teich-AG, erstmalig an der Landesweiten Artenkartierung f\u00fcr Amphibien teil. \u201eWelche Amphibien beherbergt unser Teich? Wie sind ihre aktuellen Lebensbedingungen und wie k\u00f6nnten diese k\u00fcnftig noch verbessert werden?\u201c\u2026 waren und sind die zentralen Fragen, mit denen wir uns seit M\u00e4rz 2016 besch\u00e4ftigen. Im 5 x 5 km gro\u00dfen LAK-Planquadrat, in dem sich unser Teich befindet, untersuchten wir hierzu im April auch noch zwei weitere, f\u00fcr Amphibien bedeutende Stillgew\u00e4sser, <!--more--><\/p>\n<p>den Kreuzberg- und den Lanzenreuter Weiher, die wir gleichfalls gem\u00e4\u00df der LAK-Anleitungen kartierten.<\/p>\n<p>In allen drei F\u00e4llen wurden wir f\u00fcndig: Von Gras- und Teichfr\u00f6schen \u00fcber Erdkr\u00f6ten bis zum Bergmolch reichte die Palette der gefundenen Amphibienarten (s. Fotos). Ergo: Unser ESS-Teich ist f\u00fcr Amphibien aktuell eines der wichtigsten hiesigen Laichgew\u00e4sser. Damit er dies auch in Zukunft bleiben wird, sind regelm\u00e4\u00dfige Pflegema\u00dfnahmen, wie Entkrautungen (s. Beitrag vom 15.11.2015) und R\u00fccknahme\/F\u00e4llen eines Teils des Strauch- und Baumbewuchses um den Teich \u2013 diese beschatten den Teich n\u00e4mlich zunehmend -,  hilfreich.<\/p>\n<p>Vor den Kartierungen war nat\u00fcrlich eine Einf\u00fchrung in die Systematik und die Bestimmung der Amphibien n\u00f6tig, die uns Anne Straub sehr strukturiert und anschaulich darbot. Zum Abschluss des Amphibien-Projektes gaben wir dann unsere Ergebnisse in die LAK-Datenbank ein.<\/p>\n<p>Und sonst \u2026: Nach der Entkrautung im November besch\u00e4ftigten wir uns w\u00e4hrend des Winters v.a. mit den \u00f6kologischen Grundlagen von Stillgew\u00e4ssern \u2013 auch Theorie ist wichtig! Wir reparierten Vogelnistk\u00e4sten, h\u00e4ngten diese um das Feuchtbiotop auf und reinigten die bestehenden Vogel- und Fledermausnistk\u00e4sten, die alle erneut gut angenommen wurden. \u201eDie Natur dankt\u00b4s einem halt \u2026!\u201c<\/p>\n<p>Zum Abschluss unseres Teich-AG-Jahres erwartet uns nun noch eine Exkursion zu einigen Stillgew\u00e4ssern, die im Rahmen des Oberschw\u00e4bischen Seenprogramms betreut werden. Sicherlich wiederum eine eindr\u00fcckliche, lehrreiche und anschauliche Veranstaltung wie die bisherigen.<\/p>\n","protected":false},"excerpt":{"rendered":"<p>Unter Anleitung von Anne Straub, einer LAK-Fachfrau, nahmen wir, die diesj\u00e4hrige Teich-AG, erstmalig an der Landesweiten Artenkartierung f\u00fcr Amphibien teil. \u201eWelche Amphibien beherbergt unser Teich? Wie sind ihre aktuellen Lebensbedingungen und wie k\u00f6nnten diese k\u00fcnftig noch verbessert werden?\u201c\u2026 waren und sind die zentralen Fragen, mit denen wir uns seit M\u00e4rz 2016 besch\u00e4ftigen. Im 5 x &hellip; <a href=\"https:\/\/www.ess-rv.de\/?p=3369\" class=\"more-link\"><span class=\"screen-reader-text\">Teich-AG beteiligt sich an der landesweiten Artenkartierung<\/span> weiterlesen <span class=\"meta-nav\">&rarr;<\/span><\/a><\/p>\n","protected":false},"author":3,"featured_media":0,"comment_status":"closed","ping_status":"closed","sticky":false,"template":"","format":"standard","meta":{"footnotes":"","_links_to":"","_links_to_target":""},"categories":[18,29,2,190,108],"tags":[331,148,333,52,137],"class_list":["post-3369","post","type-post","status-publish","format-standard","hentry","category-ausserschulische-veranstaltung","category-berufliche-gymnasien","category-bildungsangebot","category-exkursion","category-umweltschutz","tag-2015-2016","tag-berufliche-gymnasien","tag-jugend-forscht","tag-kooperation","tag-umweltschutz"],"_links":{"self":[{"href":"https:\/\/www.ess-rv.de\/index.php?rest_route=\/wp\/v2\/posts\/3369","targetHints":{"allow":["GET"]}}],"collection":[{"href":"https:\/\/www.ess-rv.de\/index.php?rest_route=\/wp\/v2\/posts"}],"about":[{"href":"https:\/\/www.ess-rv.de\/index.php?rest_route=\/wp\/v2\/types\/post"}],"author":[{"embeddable":true,"href":"https:\/\/www.ess-rv.de\/index.php?rest_route=\/wp\/v2\/users\/3"}],"replies":[{"embeddable":true,"href":"https:\/\/www.ess-rv.de\/index.php?rest_route=%2Fwp%2Fv2%2Fcomments&post=3369"}],"version-history":[{"count":4,"href":"https:\/\/www.ess-rv.de\/index.php?rest_route=\/wp\/v2\/posts\/3369\/revisions"}],"predecessor-version":[{"id":3379,"href":"https:\/\/www.ess-rv.de\/index.php?rest_route=\/wp\/v2\/posts\/3369\/revisions\/3379"}],"wp:attachment":[{"href":"https:\/\/www.ess-rv.de\/index.php?rest_route=%2Fwp%2Fv2%2Fmedia&parent=3369"}],"wp:term":[{"taxonomy":"category","embeddable":true,"href":"https:\/\/www.ess-rv.de\/index.php?rest_route=%2Fwp%2Fv2%2Fcategories&post=3369"},{"taxonomy":"post_tag","embeddable":true,"href":"https:\/\/www.ess-rv.de\/index.php?rest_route=%2Fwp%2Fv2%2Ftags&post=3369"}],"curies":[{"name":"wp","href":"https:\/\/api.w.org\/{rel}","templated":true}]}}