{"id":3384,"date":"2016-06-27T14:24:06","date_gmt":"2016-06-27T13:24:06","guid":{"rendered":"http:\/\/www.ess-rv.de\/?p=3384"},"modified":"2016-06-28T09:00:59","modified_gmt":"2016-06-28T08:00:59","slug":"engagement-auf-die-sportliche-art","status":"publish","type":"post","link":"https:\/\/www.ess-rv.de\/?p=3384","title":{"rendered":"Engagement auf die sportliche Art"},"content":{"rendered":"<p>Zwei Teams der Edith-Stein-Schule haben durch ihre Teilnahme bei &#8222;Ravensburg l\u00e4uft&#8220; zum sozialen und \u00f6kologischen Engagement der Schule beigetragen. Drei Sch\u00fclerinnen Eva, Fabienne und Lea sind im Team starteten f\u00fcr das Team &#8222;Ravensburg l\u00e4uft f\u00fcr Toleranz&#8220;. Lea und Fabienne sind Siegerinnen ihrer Altersklassen &#8211; Herzlichen Gl\u00fcckwunsch dazu! Unser Schulleiter Herr Greiner lief gemeinsam mit Herrn Paul f\u00fcr und mit dem Kinderregenwaldteam.<\/p>\n<div id='gallery-1' class='gallery galleryid-3384 gallery-columns-2 gallery-size-thumbnail'><figure class='gallery-item'>\n\t\t\t<div class='gallery-icon landscape'>\n\t\t\t\t<a href='https:\/\/www.ess-rv.de\/wp-content\/uploads\/2016\/06\/image002-e1467033999965.jpg'><img loading=\"lazy\" decoding=\"async\" width=\"180\" height=\"180\" src=\"https:\/\/www.ess-rv.de\/wp-content\/uploads\/2016\/06\/image002-e1467033999965-180x180.jpg\" class=\"attachment-thumbnail size-thumbnail\" alt=\"\" srcset=\"https:\/\/www.ess-rv.de\/wp-content\/uploads\/2016\/06\/image002-e1467033999965-180x180.jpg 180w, https:\/\/www.ess-rv.de\/wp-content\/uploads\/2016\/06\/image002-e1467033999965-300x300.jpg 300w, https:\/\/www.ess-rv.de\/wp-content\/uploads\/2016\/06\/image002-e1467033999965.jpg 701w\" sizes=\"auto, (max-width: 180px) 100vw, 180px\" \/><\/a>\n\t\t\t<\/div><\/figure><figure class='gallery-item'>\n\t\t\t<div class='gallery-icon landscape'>\n\t\t\t\t<a href='https:\/\/www.ess-rv.de\/wp-content\/uploads\/2016\/06\/IMG-20160625-WA0002.jpg'><img loading=\"lazy\" decoding=\"async\" width=\"180\" height=\"180\" src=\"https:\/\/www.ess-rv.de\/wp-content\/uploads\/2016\/06\/IMG-20160625-WA0002-180x180.jpg\" class=\"attachment-thumbnail size-thumbnail\" alt=\"\" \/><\/a>\n\t\t\t<\/div><\/figure>\n\t\t<\/div>\n\n","protected":false},"excerpt":{"rendered":"<p>Zwei Teams der Edith-Stein-Schule haben durch ihre Teilnahme bei &#8222;Ravensburg l\u00e4uft&#8220; zum sozialen und \u00f6kologischen Engagement der Schule beigetragen. Drei Sch\u00fclerinnen Eva, Fabienne und Lea sind im Team starteten f\u00fcr das Team &#8222;Ravensburg l\u00e4uft f\u00fcr Toleranz&#8220;. Lea und Fabienne sind Siegerinnen ihrer Altersklassen &#8211; Herzlichen Gl\u00fcckwunsch dazu! Unser Schulleiter Herr Greiner lief gemeinsam mit Herrn &hellip; <a href=\"https:\/\/www.ess-rv.de\/?p=3384\" class=\"more-link\"><span class=\"screen-reader-text\">Engagement auf die sportliche Art<\/span> weiterlesen <span class=\"meta-nav\">&rarr;<\/span><\/a><\/p>\n","protected":false},"author":3,"featured_media":0,"comment_status":"closed","ping_status":"closed","sticky":false,"template":"","format":"standard","meta":{"footnotes":"","_links_to":"","_links_to_target":""},"categories":[18,47,19,197,198],"tags":[331,50,217],"class_list":["post-3384","post","type-post","status-publish","format-standard","hentry","category-ausserschulische-veranstaltung","category-soziales-engagement","category-sport","category-standort-aulendorf","category-standort-ravensburg","tag-2015-2016","tag-engagement","tag-sport"],"_links":{"self":[{"href":"https:\/\/www.ess-rv.de\/index.php?rest_route=\/wp\/v2\/posts\/3384","targetHints":{"allow":["GET"]}}],"collection":[{"href":"https:\/\/www.ess-rv.de\/index.php?rest_route=\/wp\/v2\/posts"}],"about":[{"href":"https:\/\/www.ess-rv.de\/index.php?rest_route=\/wp\/v2\/types\/post"}],"author":[{"embeddable":true,"href":"https:\/\/www.ess-rv.de\/index.php?rest_route=\/wp\/v2\/users\/3"}],"replies":[{"embeddable":true,"href":"https:\/\/www.ess-rv.de\/index.php?rest_route=%2Fwp%2Fv2%2Fcomments&post=3384"}],"version-history":[{"count":6,"href":"https:\/\/www.ess-rv.de\/index.php?rest_route=\/wp\/v2\/posts\/3384\/revisions"}],"predecessor-version":[{"id":3393,"href":"https:\/\/www.ess-rv.de\/index.php?rest_route=\/wp\/v2\/posts\/3384\/revisions\/3393"}],"wp:attachment":[{"href":"https:\/\/www.ess-rv.de\/index.php?rest_route=%2Fwp%2Fv2%2Fmedia&parent=3384"}],"wp:term":[{"taxonomy":"category","embeddable":true,"href":"https:\/\/www.ess-rv.de\/index.php?rest_route=%2Fwp%2Fv2%2Fcategories&post=3384"},{"taxonomy":"post_tag","embeddable":true,"href":"https:\/\/www.ess-rv.de\/index.php?rest_route=%2Fwp%2Fv2%2Ftags&post=3384"}],"curies":[{"name":"wp","href":"https:\/\/api.w.org\/{rel}","templated":true}]}}