{"id":3405,"date":"2016-07-05T10:30:24","date_gmt":"2016-07-05T09:30:24","guid":{"rendered":"http:\/\/www.ess-rv.de\/?p=3405"},"modified":"2016-07-05T10:30:48","modified_gmt":"2016-07-05T09:30:48","slug":"vabo-stellt-sich-vor","status":"publish","type":"post","link":"https:\/\/www.ess-rv.de\/?p=3405","title":{"rendered":"VABO stellt sich vor!"},"content":{"rendered":"<div id='gallery-1' class='gallery galleryid-3405 gallery-columns-3 gallery-size-thumbnail'><figure class='gallery-item'>\n\t\t\t<div class='gallery-icon landscape'>\n\t\t\t\t<a href='https:\/\/www.ess-rv.de\/wp-content\/uploads\/2016\/07\/vabostelltsichvor.jpg'><img loading=\"lazy\" decoding=\"async\" width=\"180\" height=\"180\" src=\"https:\/\/www.ess-rv.de\/wp-content\/uploads\/2016\/07\/vabostelltsichvor-180x180.jpg\" class=\"attachment-thumbnail size-thumbnail\" alt=\"\" \/><\/a>\n\t\t\t<\/div><\/figure><figure class='gallery-item'>\n\t\t\t<div class='gallery-icon landscape'>\n\t\t\t\t<a href='https:\/\/www.ess-rv.de\/wp-content\/uploads\/2016\/07\/vabostelltsichvor2.jpg'><img loading=\"lazy\" decoding=\"async\" width=\"180\" height=\"180\" src=\"https:\/\/www.ess-rv.de\/wp-content\/uploads\/2016\/07\/vabostelltsichvor2-180x180.jpg\" class=\"attachment-thumbnail size-thumbnail\" alt=\"\" \/><\/a>\n\t\t\t<\/div><\/figure><figure class='gallery-item'>\n\t\t\t<div class='gallery-icon landscape'>\n\t\t\t\t<a href='https:\/\/www.ess-rv.de\/wp-content\/uploads\/2016\/07\/vabostelltsichvor3.jpg'><img loading=\"lazy\" decoding=\"async\" width=\"180\" height=\"180\" src=\"https:\/\/www.ess-rv.de\/wp-content\/uploads\/2016\/07\/vabostelltsichvor3-180x180.jpg\" class=\"attachment-thumbnail size-thumbnail\" alt=\"\" \/><\/a>\n\t\t\t<\/div><\/figure>\n\t\t<\/div>\n\n<p>Am 30. Juni 2016 stellte sich die Klasse VABO1 der Edith-Stein-Schule bei der Referenten-Tagung der Regierungspr\u00e4sidien in Esslingen vor. Neben anderen  VABO-Klassen aus G\u00f6ppingen und Esslingen gestaltete die Klasse aus Ravensburg einen eigenen \u201eMarktstand\u201c mit einer Arabisch-Schreibwerkstatt, gefalteten Schiffen und eigenen Gipsmasken, die zuvor gemeinsam mit Frau Ko\u00e7 und Frau Sch\u00e4fer hergestellt und gestaltet wurden. Ziel hierbei war es<!--more-->, dass die Referenten mit den VABO-Sch\u00fclern ins Gespr\u00e4ch kamen, um sich ein \u201eBild\u201c aus der Praxis einer VABO-Klasse und deren Sch\u00fcler zu machen.<\/p>\n<p>Die Referenten waren von den Deutschkenntnissen, den sprachlichen F\u00e4higkeiten, den Ideen und dem Enthusiasmus der Sch\u00fcler und der Lehrer sehr angetan.<br \/>\nAuch hat es der Klasse und den begleitenden Lehrerinnen gro\u00dfe Freude bereitet, auf solch einer Veranstaltung teilnehmen zu d\u00fcrfen. Es war ein rundum gelungener  Tag!<\/p>\n","protected":false},"excerpt":{"rendered":"<p>Am 30. Juni 2016 stellte sich die Klasse VABO1 der Edith-Stein-Schule bei der Referenten-Tagung der Regierungspr\u00e4sidien in Esslingen vor. Neben anderen VABO-Klassen aus G\u00f6ppingen und Esslingen gestaltete die Klasse aus Ravensburg einen eigenen \u201eMarktstand\u201c mit einer Arabisch-Schreibwerkstatt, gefalteten Schiffen und eigenen Gipsmasken, die zuvor gemeinsam mit Frau Ko\u00e7 und Frau Sch\u00e4fer hergestellt und gestaltet wurden. &hellip; <a href=\"https:\/\/www.ess-rv.de\/?p=3405\" class=\"more-link\"><span class=\"screen-reader-text\">VABO stellt sich vor!<\/span> weiterlesen <span class=\"meta-nav\">&rarr;<\/span><\/a><\/p>\n","protected":false},"author":3,"featured_media":0,"comment_status":"closed","ping_status":"closed","sticky":false,"template":"","format":"standard","meta":{"footnotes":"","_links_to":"","_links_to_target":""},"categories":[18,2,198,89,33],"tags":[331,39],"class_list":["post-3405","post","type-post","status-publish","format-standard","hentry","category-ausserschulische-veranstaltung","category-bildungsangebot","category-standort-ravensburg","category-vabo","category-veranstaltung","tag-2015-2016","tag-vabo"],"_links":{"self":[{"href":"https:\/\/www.ess-rv.de\/index.php?rest_route=\/wp\/v2\/posts\/3405","targetHints":{"allow":["GET"]}}],"collection":[{"href":"https:\/\/www.ess-rv.de\/index.php?rest_route=\/wp\/v2\/posts"}],"about":[{"href":"https:\/\/www.ess-rv.de\/index.php?rest_route=\/wp\/v2\/types\/post"}],"author":[{"embeddable":true,"href":"https:\/\/www.ess-rv.de\/index.php?rest_route=\/wp\/v2\/users\/3"}],"replies":[{"embeddable":true,"href":"https:\/\/www.ess-rv.de\/index.php?rest_route=%2Fwp%2Fv2%2Fcomments&post=3405"}],"version-history":[{"count":2,"href":"https:\/\/www.ess-rv.de\/index.php?rest_route=\/wp\/v2\/posts\/3405\/revisions"}],"predecessor-version":[{"id":3410,"href":"https:\/\/www.ess-rv.de\/index.php?rest_route=\/wp\/v2\/posts\/3405\/revisions\/3410"}],"wp:attachment":[{"href":"https:\/\/www.ess-rv.de\/index.php?rest_route=%2Fwp%2Fv2%2Fmedia&parent=3405"}],"wp:term":[{"taxonomy":"category","embeddable":true,"href":"https:\/\/www.ess-rv.de\/index.php?rest_route=%2Fwp%2Fv2%2Fcategories&post=3405"},{"taxonomy":"post_tag","embeddable":true,"href":"https:\/\/www.ess-rv.de\/index.php?rest_route=%2Fwp%2Fv2%2Ftags&post=3405"}],"curies":[{"name":"wp","href":"https:\/\/api.w.org\/{rel}","templated":true}]}}