{"id":342,"date":"2015-02-09T18:16:18","date_gmt":"2015-02-09T16:16:18","guid":{"rendered":"http:\/\/www.ess-rv.de\/?p=342"},"modified":"2015-03-24T11:41:33","modified_gmt":"2015-03-24T10:41:33","slug":"africa-on-ice","status":"publish","type":"post","link":"https:\/\/www.ess-rv.de\/?p=342","title":{"rendered":"Africa On Ice"},"content":{"rendered":"<p>Zum Abschluss des Schulhalbjahres besuchten die Sch\u00fcler der Klasse VAB O1 die Eishalle Ravensburg. F\u00fcr die jungen M\u00e4nner, die als Fl\u00fcchtlinge aus Eritrea, Afghanistan, Syrien, Kroatien, Gambia und Nigeria nach Deutschland kamen, war es der erste Kontakt mit dem Eis. Zusammen mit der Schulsozialarbeiterin Petra Thomas, der Br\u00fcckenlehrerin Silke Nagel und der Fachlehrerin Andrea Gessler wagten Sie die ersten vorsichtigen Schritte auf Schlittschuhen.<!--more--><\/p>\n<figure id=\"attachment_344\" aria-describedby=\"caption-attachment-344\" style=\"width: 300px\" class=\"wp-caption alignleft\"><a href=\"http:\/\/www.ess-rv.de\/wp-content\/uploads\/2015\/02\/Africa-on-ice.jpg\"><img loading=\"lazy\" decoding=\"async\" class=\"wp-image-344 size-medium\" style=\"text-align: right;\" src=\"http:\/\/www.ess-rv.de\/wp-content\/uploads\/2015\/02\/Africa-on-ice-300x225.jpg\" alt=\"Die Klasse VAB O1 in der Eishalle Ravensburg\" width=\"300\" height=\"225\" \/><\/a><figcaption id=\"caption-attachment-344\" class=\"wp-caption-text\">Die Klasse VAB O1 in der Eishalle Ravensburg<\/figcaption><\/figure>\n<p>Die Klassen des Vorqualifizierungsjahr Arbeit\/Beruf ohne Deutschkenntnisse (VAB O) werden von Migranten und Fl\u00fcchtlingen besucht, die die deutsche Sprache erlernen m\u00f6chten, um langfristig eine Perspektive in Deutschland zu haben.<\/p>\n<p>Mit dem Ausflug in die Eishalle konnten sie ihre Sprachkenntnisse im Alltag erproben und zeigen, dass sie einfache Kommunikationsziele gut meistern k\u00f6nnen.<\/p>\n<p>&nbsp;<\/p>\n","protected":false},"excerpt":{"rendered":"<p>Zum Abschluss des Schulhalbjahres besuchten die Sch\u00fcler der Klasse VAB O1 die Eishalle Ravensburg. F\u00fcr die jungen M\u00e4nner, die als Fl\u00fcchtlinge aus Eritrea, Afghanistan, Syrien, Kroatien, Gambia und Nigeria nach Deutschland kamen, war es der erste Kontakt mit dem Eis. Zusammen mit der Schulsozialarbeiterin Petra Thomas, der Br\u00fcckenlehrerin Silke Nagel und der Fachlehrerin Andrea Gessler &hellip; <a href=\"https:\/\/www.ess-rv.de\/?p=342\" class=\"more-link\"><span class=\"screen-reader-text\">Africa On Ice<\/span> weiterlesen <span class=\"meta-nav\">&rarr;<\/span><\/a><\/p>\n","protected":false},"author":3,"featured_media":0,"comment_status":"closed","ping_status":"closed","sticky":false,"template":"","format":"standard","meta":{"footnotes":"","_links_to":"","_links_to_target":""},"categories":[18,19,32,33],"tags":[93,22,39],"class_list":["post-342","post","type-post","status-publish","format-standard","hentry","category-ausserschulische-veranstaltung","category-sport","category-vab","category-veranstaltung","tag-2014-2015","tag-vab","tag-vabo"],"_links":{"self":[{"href":"https:\/\/www.ess-rv.de\/index.php?rest_route=\/wp\/v2\/posts\/342","targetHints":{"allow":["GET"]}}],"collection":[{"href":"https:\/\/www.ess-rv.de\/index.php?rest_route=\/wp\/v2\/posts"}],"about":[{"href":"https:\/\/www.ess-rv.de\/index.php?rest_route=\/wp\/v2\/types\/post"}],"author":[{"embeddable":true,"href":"https:\/\/www.ess-rv.de\/index.php?rest_route=\/wp\/v2\/users\/3"}],"replies":[{"embeddable":true,"href":"https:\/\/www.ess-rv.de\/index.php?rest_route=%2Fwp%2Fv2%2Fcomments&post=342"}],"version-history":[{"count":11,"href":"https:\/\/www.ess-rv.de\/index.php?rest_route=\/wp\/v2\/posts\/342\/revisions"}],"predecessor-version":[{"id":583,"href":"https:\/\/www.ess-rv.de\/index.php?rest_route=\/wp\/v2\/posts\/342\/revisions\/583"}],"wp:attachment":[{"href":"https:\/\/www.ess-rv.de\/index.php?rest_route=%2Fwp%2Fv2%2Fmedia&parent=342"}],"wp:term":[{"taxonomy":"category","embeddable":true,"href":"https:\/\/www.ess-rv.de\/index.php?rest_route=%2Fwp%2Fv2%2Fcategories&post=342"},{"taxonomy":"post_tag","embeddable":true,"href":"https:\/\/www.ess-rv.de\/index.php?rest_route=%2Fwp%2Fv2%2Ftags&post=342"}],"curies":[{"name":"wp","href":"https:\/\/api.w.org\/{rel}","templated":true}]}}