{"id":3421,"date":"2016-07-11T13:00:08","date_gmt":"2016-07-11T12:00:08","guid":{"rendered":"http:\/\/www.ess-rv.de\/?p=3421"},"modified":"2016-07-11T13:37:58","modified_gmt":"2016-07-11T12:37:58","slug":"abiball-2016","status":"publish","type":"post","link":"https:\/\/www.ess-rv.de\/?p=3421","title":{"rendered":"Abiball 2016"},"content":{"rendered":"<p><a href=\"http:\/\/www.ess-rv.de\/wp-content\/uploads\/2016\/07\/abiball2016.jpg\"><img loading=\"lazy\" decoding=\"async\" src=\"http:\/\/www.ess-rv.de\/wp-content\/uploads\/2016\/07\/abiball2016-1024x440.jpg\" alt=\"Abiball 2016 - Herzlichen Gl\u00fcckwunsch an alle Abiturienten!\" width=\"604\" height=\"260\" class=\"alignleft size-large wp-image-3422\" srcset=\"https:\/\/www.ess-rv.de\/wp-content\/uploads\/2016\/07\/abiball2016-1024x440.jpg 1024w, https:\/\/www.ess-rv.de\/wp-content\/uploads\/2016\/07\/abiball2016-300x129.jpg 300w, https:\/\/www.ess-rv.de\/wp-content\/uploads\/2016\/07\/abiball2016-768x330.jpg 768w, https:\/\/www.ess-rv.de\/wp-content\/uploads\/2016\/07\/abiball2016.jpg 1386w\" sizes=\"auto, (max-width: 604px) 100vw, 604px\" \/><\/a><\/p>\n<p>Am vergangenen Dienstag, den 5. Juli 2016, feierten die Abiturienten der Edith-Stein-Schule Ravensburg &#038; Aulendorf ihren Abiball. Am gro\u00dfen Tag erhielten insgesamt 159 Abiturienten ihr Abiturzeugnis, 34 davon machten ihr Abitur am Sozialwissenschaftlichen Gymnasium am Standort Aulendorf. Denis Lutz und David Geray f\u00fchrten eloquent durch das abwechslungsreiche Programm. Jede Klasse konnte mit einer sehr unterhaltsamen Darbietung aufwarten. Zum Schluss sammelten sich alle Sch\u00fclerinnen und Sch\u00fcler auf der B\u00fchne, um mit dem Song \u201eM\u00f6ge die Stra\u00dfe uns zusammen f\u00fchren\u201c sehr eindrucksvoll Abschied zu nehmen.<\/p>\n","protected":false},"excerpt":{"rendered":"<p>Am vergangenen Dienstag, den 5. Juli 2016, feierten die Abiturienten der Edith-Stein-Schule Ravensburg &#038; Aulendorf ihren Abiball. Am gro\u00dfen Tag erhielten insgesamt 159 Abiturienten ihr Abiturzeugnis, 34 davon machten ihr Abitur am Sozialwissenschaftlichen Gymnasium am Standort Aulendorf. Denis Lutz und David Geray f\u00fchrten eloquent durch das abwechslungsreiche Programm. Jede Klasse konnte mit einer sehr unterhaltsamen &hellip; <a href=\"https:\/\/www.ess-rv.de\/?p=3421\" class=\"more-link\"><span class=\"screen-reader-text\">Abiball 2016<\/span> weiterlesen <span class=\"meta-nav\">&rarr;<\/span><\/a><\/p>\n","protected":false},"author":3,"featured_media":0,"comment_status":"closed","ping_status":"closed","sticky":false,"template":"","format":"standard","meta":{"footnotes":"","_links_to":"","_links_to_target":""},"categories":[18,152,196,33],"tags":[331,153],"class_list":["post-3421","post","type-post","status-publish","format-standard","hentry","category-ausserschulische-veranstaltung","category-ehrung","category-verabschiedung","category-veranstaltung","tag-2015-2016","tag-abitur"],"_links":{"self":[{"href":"https:\/\/www.ess-rv.de\/index.php?rest_route=\/wp\/v2\/posts\/3421","targetHints":{"allow":["GET"]}}],"collection":[{"href":"https:\/\/www.ess-rv.de\/index.php?rest_route=\/wp\/v2\/posts"}],"about":[{"href":"https:\/\/www.ess-rv.de\/index.php?rest_route=\/wp\/v2\/types\/post"}],"author":[{"embeddable":true,"href":"https:\/\/www.ess-rv.de\/index.php?rest_route=\/wp\/v2\/users\/3"}],"replies":[{"embeddable":true,"href":"https:\/\/www.ess-rv.de\/index.php?rest_route=%2Fwp%2Fv2%2Fcomments&post=3421"}],"version-history":[{"count":4,"href":"https:\/\/www.ess-rv.de\/index.php?rest_route=\/wp\/v2\/posts\/3421\/revisions"}],"predecessor-version":[{"id":3426,"href":"https:\/\/www.ess-rv.de\/index.php?rest_route=\/wp\/v2\/posts\/3421\/revisions\/3426"}],"wp:attachment":[{"href":"https:\/\/www.ess-rv.de\/index.php?rest_route=%2Fwp%2Fv2%2Fmedia&parent=3421"}],"wp:term":[{"taxonomy":"category","embeddable":true,"href":"https:\/\/www.ess-rv.de\/index.php?rest_route=%2Fwp%2Fv2%2Fcategories&post=3421"},{"taxonomy":"post_tag","embeddable":true,"href":"https:\/\/www.ess-rv.de\/index.php?rest_route=%2Fwp%2Fv2%2Ftags&post=3421"}],"curies":[{"name":"wp","href":"https:\/\/api.w.org\/{rel}","templated":true}]}}