{"id":3441,"date":"2016-07-18T15:06:13","date_gmt":"2016-07-18T14:06:13","guid":{"rendered":"http:\/\/www.ess-rv.de\/?p=3441"},"modified":"2016-07-18T15:06:13","modified_gmt":"2016-07-18T14:06:13","slug":"20-pharmazeutisch-kaufmaennische-angestellte-verabschiedet","status":"publish","type":"post","link":"https:\/\/www.ess-rv.de\/?p=3441","title":{"rendered":"20 Pharmazeutisch-kaufm\u00e4nnische Angestellte verabschiedet"},"content":{"rendered":"<p><a href=\"http:\/\/www.ess-rv.de\/wp-content\/uploads\/2016\/07\/Verabschiedung-G3PK1_1_1024.jpg\"><img loading=\"lazy\" decoding=\"async\" src=\"http:\/\/www.ess-rv.de\/wp-content\/uploads\/2016\/07\/Verabschiedung-G3PK1_1_1024-169x300.jpg\" alt=\"20 Pharmazeutisch-kaufm\u00e4nnische Angestellte verabschiedet\" width=\"169\" height=\"300\" class=\"alignright size-medium wp-image-3442\" srcset=\"https:\/\/www.ess-rv.de\/wp-content\/uploads\/2016\/07\/Verabschiedung-G3PK1_1_1024-169x300.jpg 169w, https:\/\/www.ess-rv.de\/wp-content\/uploads\/2016\/07\/Verabschiedung-G3PK1_1_1024.jpg 576w\" sizes=\"auto, (max-width: 169px) 100vw, 169px\" \/><\/a>Am Montag, den 18. Juli 2016 wurden 20 Pharmazeutisch-kaufm\u00e4nnische Angestellte am Standort in Aulendorf in das Berufsleben verabschiedet. Im Rahmen einer Feierstunde wurden die Zeugnisse \u00fcberreicht. Nach dreij\u00e4hriger dualer Ausbildung in Apotheken und in der Berufsschule haben alle Absolventinnen sowohl die Berufsschulabschlusspr\u00fcfung als auch die Pr\u00fcfung vor der Landesapothekerkammer Baden-W\u00fcrttemberg mit Erfolg bestanden. Wir gratulieren ganz herzlich zum erfolgreichen Abschluss der Ausbildung und w\u00fcnschen f\u00fcr die weitere Zukunft alles Gute.<\/p>\n","protected":false},"excerpt":{"rendered":"<p>Am Montag, den 18. Juli 2016 wurden 20 Pharmazeutisch-kaufm\u00e4nnische Angestellte am Standort in Aulendorf in das Berufsleben verabschiedet. Im Rahmen einer Feierstunde wurden die Zeugnisse \u00fcberreicht. Nach dreij\u00e4hriger dualer Ausbildung in Apotheken und in der Berufsschule haben alle Absolventinnen sowohl die Berufsschulabschlusspr\u00fcfung als auch die Pr\u00fcfung vor der Landesapothekerkammer Baden-W\u00fcrttemberg mit Erfolg bestanden. Wir gratulieren &hellip; <a href=\"https:\/\/www.ess-rv.de\/?p=3441\" class=\"more-link\"><span class=\"screen-reader-text\">20 Pharmazeutisch-kaufm\u00e4nnische Angestellte verabschiedet<\/span> weiterlesen <span class=\"meta-nav\">&rarr;<\/span><\/a><\/p>\n","protected":false},"author":3,"featured_media":0,"comment_status":"closed","ping_status":"closed","sticky":false,"template":"","format":"standard","meta":{"footnotes":"","_links_to":"","_links_to_target":""},"categories":[40,2,227,197,196,33],"tags":[331,70,54],"class_list":["post-3441","post","type-post","status-publish","format-standard","hentry","category-berufsschule","category-bildungsangebot","category-pka","category-standort-aulendorf","category-verabschiedung","category-veranstaltung","tag-2015-2016","tag-aulendorf","tag-berufsschule"],"_links":{"self":[{"href":"https:\/\/www.ess-rv.de\/index.php?rest_route=\/wp\/v2\/posts\/3441","targetHints":{"allow":["GET"]}}],"collection":[{"href":"https:\/\/www.ess-rv.de\/index.php?rest_route=\/wp\/v2\/posts"}],"about":[{"href":"https:\/\/www.ess-rv.de\/index.php?rest_route=\/wp\/v2\/types\/post"}],"author":[{"embeddable":true,"href":"https:\/\/www.ess-rv.de\/index.php?rest_route=\/wp\/v2\/users\/3"}],"replies":[{"embeddable":true,"href":"https:\/\/www.ess-rv.de\/index.php?rest_route=%2Fwp%2Fv2%2Fcomments&post=3441"}],"version-history":[{"count":1,"href":"https:\/\/www.ess-rv.de\/index.php?rest_route=\/wp\/v2\/posts\/3441\/revisions"}],"predecessor-version":[{"id":3443,"href":"https:\/\/www.ess-rv.de\/index.php?rest_route=\/wp\/v2\/posts\/3441\/revisions\/3443"}],"wp:attachment":[{"href":"https:\/\/www.ess-rv.de\/index.php?rest_route=%2Fwp%2Fv2%2Fmedia&parent=3441"}],"wp:term":[{"taxonomy":"category","embeddable":true,"href":"https:\/\/www.ess-rv.de\/index.php?rest_route=%2Fwp%2Fv2%2Fcategories&post=3441"},{"taxonomy":"post_tag","embeddable":true,"href":"https:\/\/www.ess-rv.de\/index.php?rest_route=%2Fwp%2Fv2%2Ftags&post=3441"}],"curies":[{"name":"wp","href":"https:\/\/api.w.org\/{rel}","templated":true}]}}