{"id":3695,"date":"2016-10-18T13:48:30","date_gmt":"2016-10-18T12:48:30","guid":{"rendered":"http:\/\/www.ess-rv.de\/?p=3695"},"modified":"2016-10-18T13:49:22","modified_gmt":"2016-10-18T12:49:22","slug":"kollegenausflug-2016","status":"publish","type":"post","link":"https:\/\/www.ess-rv.de\/?p=3695","title":{"rendered":"Kollegenausflug 2016"},"content":{"rendered":"<p><a href=\"http:\/\/www.ess-rv.de\/wp-content\/uploads\/2016\/10\/100D0261_1024.jpg\"><img loading=\"lazy\" decoding=\"async\" src=\"http:\/\/www.ess-rv.de\/wp-content\/uploads\/2016\/10\/100D0261_1024-300x225.jpg\" alt=\"100d0261_1024\" width=\"300\" height=\"225\" class=\"alignleft size-medium wp-image-3696\" srcset=\"https:\/\/www.ess-rv.de\/wp-content\/uploads\/2016\/10\/100D0261_1024-300x225.jpg 300w, https:\/\/www.ess-rv.de\/wp-content\/uploads\/2016\/10\/100D0261_1024-768x576.jpg 768w, https:\/\/www.ess-rv.de\/wp-content\/uploads\/2016\/10\/100D0261_1024.jpg 1024w\" sizes=\"auto, (max-width: 300px) 100vw, 300px\" \/><\/a>er diesj\u00e4hrige Betriebsausflug f\u00fchrte das Kollegium zun\u00e4chst an den Sporn der Waldburg, wo man sich bei einem Vesper st\u00e4rkte. Die Gruppe der Wanderfreunde brach von dort zu einer Erkundung des Gel\u00e4ndes um die Burg herum auf. Die \u00fcbrigen hatten sich zu einer Betriebsbesichtigung der Firma &#8222;Vom Fass&#8220; im nahe gelegenen Hannober entschieden. <!--more-->Dort wurden sie bei einer sachkundigen F\u00fchrung und Pr\u00e4sentation in die Welt der Herstellung von verschiedenen Essigsorten, Apfels\u00e4ften und Lik\u00f6ren aller Art eingef\u00fchrt. W\u00e4hrend der Essig ganz bewusst den Witterungsbedingungen von Sommer und Winter mit bis zu 60 Grad Temperaturunterschieden ausgesetzt wird, um auszureifen und entw\u00e4ssert zu werden, ben\u00f6tigen andere Produkte des Gewerbes konstante mittlere Temperaturen f\u00fcr die Vollendung. So fand man sich zum Schluss in einem allhambra\u00e4hnlichen Gew\u00f6lbe ein, wo die verarbeiteten Naturprodukte des Hauses bei F\u00e4sserkulisse verkostet werden konnten.<\/p>\n","protected":false},"excerpt":{"rendered":"<p>er diesj\u00e4hrige Betriebsausflug f\u00fchrte das Kollegium zun\u00e4chst an den Sporn der Waldburg, wo man sich bei einem Vesper st\u00e4rkte. Die Gruppe der Wanderfreunde brach von dort zu einer Erkundung des Gel\u00e4ndes um die Burg herum auf. Die \u00fcbrigen hatten sich zu einer Betriebsbesichtigung der Firma &#8222;Vom Fass&#8220; im nahe gelegenen Hannober entschieden.<\/p>\n","protected":false},"author":3,"featured_media":0,"comment_status":"closed","ping_status":"closed","sticky":false,"template":"","format":"standard","meta":{"footnotes":"","_links_to":"","_links_to_target":""},"categories":[33],"tags":[407,70,347,49],"class_list":["post-3695","post","type-post","status-publish","format-standard","hentry","category-veranstaltung","tag-2016-2017","tag-aulendorf","tag-kollegenausflug","tag-ravensburg"],"_links":{"self":[{"href":"https:\/\/www.ess-rv.de\/index.php?rest_route=\/wp\/v2\/posts\/3695","targetHints":{"allow":["GET"]}}],"collection":[{"href":"https:\/\/www.ess-rv.de\/index.php?rest_route=\/wp\/v2\/posts"}],"about":[{"href":"https:\/\/www.ess-rv.de\/index.php?rest_route=\/wp\/v2\/types\/post"}],"author":[{"embeddable":true,"href":"https:\/\/www.ess-rv.de\/index.php?rest_route=\/wp\/v2\/users\/3"}],"replies":[{"embeddable":true,"href":"https:\/\/www.ess-rv.de\/index.php?rest_route=%2Fwp%2Fv2%2Fcomments&post=3695"}],"version-history":[{"count":2,"href":"https:\/\/www.ess-rv.de\/index.php?rest_route=\/wp\/v2\/posts\/3695\/revisions"}],"predecessor-version":[{"id":3698,"href":"https:\/\/www.ess-rv.de\/index.php?rest_route=\/wp\/v2\/posts\/3695\/revisions\/3698"}],"wp:attachment":[{"href":"https:\/\/www.ess-rv.de\/index.php?rest_route=%2Fwp%2Fv2%2Fmedia&parent=3695"}],"wp:term":[{"taxonomy":"category","embeddable":true,"href":"https:\/\/www.ess-rv.de\/index.php?rest_route=%2Fwp%2Fv2%2Fcategories&post=3695"},{"taxonomy":"post_tag","embeddable":true,"href":"https:\/\/www.ess-rv.de\/index.php?rest_route=%2Fwp%2Fv2%2Ftags&post=3695"}],"curies":[{"name":"wp","href":"https:\/\/api.w.org\/{rel}","templated":true}]}}